{"id":397,"date":"2026-04-30T11:58:43","date_gmt":"2026-04-30T09:58:43","guid":{"rendered":"https:\/\/gops.bejsce.eu\/gops\/?p=397"},"modified":"2026-04-30T11:58:43","modified_gmt":"2026-04-30T09:58:43","slug":"absolwent-w-drodze-do-kariery-iii","status":"publish","type":"post","link":"https:\/\/gops.bejsce.eu\/gops\/?p=397","title":{"rendered":"Absolwent w drodze do kariery III"},"content":{"rendered":"<h4 class=\"wp-block-heading\" style=\"text-align: left;\">Celem projektu jest podniesienie wska\u017anika zatrudnienia w\u015br\u00f3d 180 os\u00f3b z niepe\u0142nosprawno\u015bciami posiadaj\u0105cych wy\u017csze wykszta\u0142cenie, a tak\u017ce udost\u0119pnienie usamodzielniaj\u0105cym si\u0119 osobom z niepe\u0142nosprawno\u015bciami us\u0142ugi asystenta samodzielno\u015bci w okresie od 01.04.2025 r. do 30.09.2027 r. realizowanym na terenie woj.\u00a0 lubelskiego, mazowieckiego, \u015bwi\u0119tokrzyskiego i podkarpackiego poprzez kompleksowe i indywidualne wsparcie w podnoszeniu kwalifikacji zawodowych i uzyskaniu do\u015bwiadczenia zawodowego polegaj\u0105ce m.in. w zaplanowaniu i wdro\u017ceniu indywidualnej \u015bcie\u017cki kariery zawodowej oraz pomoc w rozwoju umiej\u0119tno\u015bci i w podnoszeniu kwalifikacji zawodowych przez osoby z niepe\u0142nosprawno\u015bciami posiadaj\u0105ce wykszta\u0142cenie wy\u017csze.<\/h4>\n<h4 style=\"text-align: left;\">Projekt skierowany jest do os\u00f3b z orzeczonym stopniem niepe\u0142nosprawno\u015bci w stopniu znacznym, umiarkowanym oraz lekkim w rozumieniu ustawy z dnia 27 sierpnia 1997 r. o rehabilitacji zawodowej i spo\u0142ecznej oraz zatrudnieniu os\u00f3b niepe\u0142nosprawnych (Dz.U. z 2011 nr 127 poz. 721, z po\u017an. zm.), kt\u00f3re spe\u0142niaj\u0105 nast\u0119puj\u0105ce warunki:<\/h4>\n<h4 style=\"text-align: left;\">\u2013 pozostaj\u0105 bez zatrudnienia<\/h4>\n<h4 style=\"text-align: left;\">\u2013 lub pracuj\u0105 dorywczo, z wykorzystaniem innych ni\u017c umowa o prac\u0119 form zatrudnienia, lub pracuj\u0105 znacznie poni\u017cej swoich kwalifikacji.<\/h4>\n<h4 style=\"text-align: left;\">\u2013 zamieszkuj\u0105 woj. lubelskie, mazowieckie, \u015bwi\u0119tokrzyskie lub podkarpackie,<\/h4>\n<h4 style=\"text-align: left;\">\u2013 osoby, kt\u00f3re realizuj\u0105 ostatni rok nauki w szkole wy\u017cszej lub s\u0105 absolwentami szko\u0142y wy\u017cszej tzn. uko\u0144czy\u0142y szko\u0142\u0119 wy\u017csz\u0105 lub uczelni\u0119 zagraniczn\u0105 (lub uzyska\u0142y absolutorium), posiadaj\u0105 dyplom, \u015bwiadectwo lub inny dokument potwierdzaj\u0105cy posiadanie tytu\u0142u zawodowego lub stopnia naukowego, wydany nie wcze\u015bniej ni\u017c 60 miesi\u0119cy przed dniem przyst\u0105pienia do projektu.<\/h4>\n<h4 style=\"text-align: left;\">\u2013 s\u0105 w wieku aktywno\u015bci zawodowej (tj. osoby, kt\u00f3re nie osi\u0105gn\u0119\u0142y wieku emerytalnego).<\/h4>\n<h4 class=\"wp-block-heading\" style=\"text-align: left;\">W ramach projektu Uczestnicy b\u0119d\u0105 mogli skorzysta\u0107 bezp\u0142atnie z nast\u0119puj\u0105cych form wsparcia:<\/h4>\n<ol class=\"wp-block-list\" style=\"text-align: left;\" start=\"1\">\n<li style=\"list-style-type: none;\">\n<ol class=\"wp-block-list\" start=\"1\">\n<li>\n<h4>wsparcie specjalisty ds. rozwoju zawodowego,<\/h4>\n<\/li>\n<li>\n<h4>wsparcie doradcy zawodowego w podj\u0119ciu decyzji zawodowych,<\/h4>\n<\/li>\n<li>\n<h4>warsztaty kariery zawodowej,<\/h4>\n<\/li>\n<li>\n<h4>wsparcie brokera edukacyjnego,<\/h4>\n<\/li>\n<li>\n<h4>konsultacje prawne,<\/h4>\n<\/li>\n<li>\n<h4>wsparcie po\u015brednika pracy,<\/h4>\n<\/li>\n<li>\n<h4>wsparcie asystenta samodzielno\u015bci,<\/h4>\n<\/li>\n<li>\n<h4>podniesienie kompetencji\/kwalifikacji zawodowych poprzez udzia\u0142 w szkoleniu\/kursie zawodowym,<\/h4>\n<\/li>\n<li>\n<h4>zdobycie do\u015bwiadczenia zawodowego poprzez udzia\u0142 w sta\u017cach aktywizacyjnych.<\/h4>\n<\/li>\n<\/ol>\n<\/li>\n<\/ol>\n<h4 class=\"wp-block-heading\" style=\"text-align: left;\">Wszystkich zainteresowanych prosimy o kontakt:<\/h4>\n<h4 style=\"text-align: left;\"><strong>BIURO FUNDACJI\u00a0<\/strong><\/h4>\n<h4>ul. Z. Krasi\u0144skiego 2\/24; 20-709 Lublin<\/h4>\n<h4>537\u202f122 177<\/h4>\n<h4>E-mail:\u202f<a href=\"mailto:fundacja@fundacjaheros.org\" target=\"_blank\" rel=\"noreferrer noopener\">fundacja@fundacjaheros.org<\/a><\/h4>\n<h4 style=\"text-align: left;\">\u00a0<strong>ODDZIA\u0141 \u015aWI\u0118TOKRZYSKI<\/strong><\/h4>\n<h4>ul. Weso\u0142a 51\/531, 25-363 Kielce<\/h4>\n<h4>539 309 781<\/h4>\n<h4>E-mail:\u202f<a href=\"mailto:kielce@fundacjaheros.org\" target=\"_blank\" rel=\"noreferrer noopener\">kielce@fundacjaheros.org<\/a><\/h4>\n<h4 style=\"text-align: left;\"><strong>ODDZIA\u0141 PODKARPACKI<\/strong><\/h4>\n<h4>Galeria Center Park, Pi\u0119tro 1<\/h4>\n<h4>Kolejowa 1, 35-073 Rzesz\u00f3w<\/h4>\n<h4>730 567 800<\/h4>\n<h4>E-mail:\u202f<a href=\"mailto:rzeszow@fundacjaheros.org\" target=\"_blank\" rel=\"noreferrer noopener\">rzeszow@fundacjaheros.org<\/a><\/h4>\n<h4 style=\"text-align: left;\"><strong>ODDZIA\u0141 MAZOWIECKI<\/strong><\/h4>\n<h4>ul. Morska 7 lok. 2.10, 1 pi\u0119tro, 08-110 Siedlce<\/h4>\n<h4>795 200 388<\/h4>\n<h4>E-mail:\u202f<a href=\"mailto:siedlce@fundacjaheros.org\" target=\"_blank\" rel=\"noreferrer noopener\">siedlce@fundacjaheros.org<\/a><\/h4>\n<h4 style=\"text-align: left;\"><a href=\"https:\/\/www.fundacjaheros.org\/wp-content\/uploads\/2025\/04\/Harmonogram-wsparcia-w-ramach-projektu-1.pdf\">Harmonogram wsparcia w ramach projektu pn. \u201eAbsolwent w drodze do kariery \u00a0III!\u201d<\/a><\/h4>\n<h4 style=\"text-align: left;\"><a href=\"https:\/\/www.fundacjaheros.org\/wp-content\/uploads\/2025\/07\/20250715161046426.pdf\">Regulamin rekrutacji i uczestnictwa w projekcie pn. \u201eAbsolwent w drodze do kariery III!\u201d<\/a><\/h4>\n<h4 style=\"text-align: left;\"><a href=\"https:\/\/www.fundacjaheros.org\/wp-content\/uploads\/2025\/05\/Regulamin-rekrutacji-i-uczestwnictwa-w-projekcie-_Absolwent-w-drodze-do-kariery-III-1.pdf\">Regulamin rekrutacji i uczestnictwa w projekcie pn. \u201eAbsolwent w drodze do kariery III!\u201d<\/a><\/h4>\n<p><img fetchpriority=\"high\" decoding=\"async\" class=\"alignnone size-full wp-image-401\" src=\"https:\/\/gops.bejsce.eu\/gops\/wp-content\/uploads\/2026\/04\/Absolwent-A3-Lublin-1-724x1024-1.png\" alt=\"\" width=\"724\" height=\"1024\" srcset=\"https:\/\/gops.bejsce.eu\/gops\/wp-content\/uploads\/2026\/04\/Absolwent-A3-Lublin-1-724x1024-1.png 724w, https:\/\/gops.bejsce.eu\/gops\/wp-content\/uploads\/2026\/04\/Absolwent-A3-Lublin-1-724x1024-1-212x300.png 212w\" sizes=\"(max-width: 724px) 100vw, 724px\" \/><\/p>\n","protected":false},"excerpt":{"rendered":"<p>Celem projektu jest podniesienie wska\u017anika zatrudnienia w\u015br\u00f3d 180 os\u00f3b z niepe\u0142nosprawno\u015bciami posiadaj\u0105cych wy\u017csze wykszta\u0142cenie, a tak\u017ce udost\u0119pnienie usamodzielniaj\u0105cym si\u0119 osobom z niepe\u0142nosprawno\u015bciami us\u0142ugi asystenta samodzielno\u015bci w okresie od 01.04.2025 r. do 30.09.2027 r. realizowanym na terenie woj.\u00a0 lubelskiego, mazowieckiego, \u015bwi\u0119tokrzyskiego i podkarpackiego poprzez kompleksowe i indywidualne wsparcie w podnoszeniu kwalifikacji zawodowych i uzyskaniu do\u015bwiadczenia zawodowego [&hellip;]<\/p>\n","protected":false},"author":1,"featured_media":402,"comment_status":"closed","ping_status":"closed","sticky":false,"template":"","format":"standard","meta":{"footnotes":""},"categories":[5],"tags":[],"class_list":["post-397","post","type-post","status-publish","format-standard","has-post-thumbnail","hentry","category-aktualnosci"],"_links":{"self":[{"href":"https:\/\/gops.bejsce.eu\/gops\/index.php?rest_route=\/wp\/v2\/posts\/397","targetHints":{"allow":["GET"]}}],"collection":[{"href":"https:\/\/gops.bejsce.eu\/gops\/index.php?rest_route=\/wp\/v2\/posts"}],"about":[{"href":"https:\/\/gops.bejsce.eu\/gops\/index.php?rest_route=\/wp\/v2\/types\/post"}],"author":[{"embeddable":true,"href":"https:\/\/gops.bejsce.eu\/gops\/index.php?rest_route=\/wp\/v2\/users\/1"}],"replies":[{"embeddable":true,"href":"https:\/\/gops.bejsce.eu\/gops\/index.php?rest_route=%2Fwp%2Fv2%2Fcomments&post=397"}],"version-history":[{"count":4,"href":"https:\/\/gops.bejsce.eu\/gops\/index.php?rest_route=\/wp\/v2\/posts\/397\/revisions"}],"predecessor-version":[{"id":403,"href":"https:\/\/gops.bejsce.eu\/gops\/index.php?rest_route=\/wp\/v2\/posts\/397\/revisions\/403"}],"wp:featuredmedia":[{"embeddable":true,"href":"https:\/\/gops.bejsce.eu\/gops\/index.php?rest_route=\/wp\/v2\/media\/402"}],"wp:attachment":[{"href":"https:\/\/gops.bejsce.eu\/gops\/index.php?rest_route=%2Fwp%2Fv2%2Fmedia&parent=397"}],"wp:term":[{"taxonomy":"category","embeddable":true,"href":"https:\/\/gops.bejsce.eu\/gops\/index.php?rest_route=%2Fwp%2Fv2%2Fcategories&post=397"},{"taxonomy":"post_tag","embeddable":true,"href":"https:\/\/gops.bejsce.eu\/gops\/index.php?rest_route=%2Fwp%2Fv2%2Ftags&post=397"}],"curies":[{"name":"wp","href":"https:\/\/api.w.org\/{rel}","templated":true}]}}