{"id":372,"date":"2026-03-16T10:40:12","date_gmt":"2026-03-16T09:40:12","guid":{"rendered":"https:\/\/gops.bejsce.eu\/gops\/?p=372"},"modified":"2026-03-16T10:40:12","modified_gmt":"2026-03-16T09:40:12","slug":"projekt-dofinansowania-wsparcia-psychoterapeutycznego","status":"publish","type":"post","link":"https:\/\/gops.bejsce.eu\/gops\/?p=372","title":{"rendered":"Projekt dofinansowania wsparcia psychoterapeutycznego"},"content":{"rendered":"<h4>Fundacja TVN uruchomi\u0142a projekt dofinansowania wsparcia psychoterapeutycznego:<\/h4>\n<h4>*\u00a0\u00a0dla\u00a0dzieci\u00a0i\u00a0m\u0142odzie\u017cy\u00a0do\u00a018.\u00a0roku\u00a0\u017cycia,<br \/>\n*\u00a0\u00a0z\u00a0rodzin,\u00a0kt\u00f3rych\u00a0doch\u00f3d\u00a0nie\u00a0przekracza\u00a03\u00a0500\u00a0z\u0142\u00a0brutto\u00a0\/\u00a0osob\u0119.<\/h4>\n<h4>W ramach programu oferujemy dofinansowanie koszt\u00f3w psychoterapii\u00a0 prowadzonej\u00a0przez\u00a0wybranego\u00a0przez\u00a0rodzin\u0119\u00a0psychoterapeut\u0119.<\/h4>\n<h4>Wsparcie przyznawane jest na podstawie okre\u015blonych kryteri\u00f3w, po uprzednim\u00a0z\u0142o\u017ceniu\u00a0wniosku\u00a0na\u00a0stronie\u00a0fundacji\u00a0i\u00a0jego\u00a0pozytywnej<br \/>\nweryfikacji.<\/h4>\n<h4>Szczeg\u00f3\u0142owe\u00a0informacje\u00a0wraz\u00a0z\u00a0odpowiedziami\u00a0na\u00a0najcz\u0119stsze\u00a0pytania<br \/>\noraz formularz zg\u0142oszeniowy dost\u0119pne s\u0105 pod adresem:<a href=\"https:\/\/fundacja.tvn.pl\/psychoterapia\" target=\"_blank\" rel=\"noopener noreferrer\"> https:\/\/fundacja.tvn.pl\/psychoterapia<\/a><\/h4>\n","protected":false},"excerpt":{"rendered":"<p>Fundacja TVN uruchomi\u0142a projekt dofinansowania wsparcia psychoterapeutycznego: *\u00a0\u00a0dla\u00a0dzieci\u00a0i\u00a0m\u0142odzie\u017cy\u00a0do\u00a018.\u00a0roku\u00a0\u017cycia, *\u00a0\u00a0z\u00a0rodzin,\u00a0kt\u00f3rych\u00a0doch\u00f3d\u00a0nie\u00a0przekracza\u00a03\u00a0500\u00a0z\u0142\u00a0brutto\u00a0\/\u00a0osob\u0119. W ramach programu oferujemy dofinansowanie koszt\u00f3w psychoterapii\u00a0 prowadzonej\u00a0przez\u00a0wybranego\u00a0przez\u00a0rodzin\u0119\u00a0psychoterapeut\u0119. Wsparcie przyznawane jest na podstawie okre\u015blonych kryteri\u00f3w, po uprzednim\u00a0z\u0142o\u017ceniu\u00a0wniosku\u00a0na\u00a0stronie\u00a0fundacji\u00a0i\u00a0jego\u00a0pozytywnej weryfikacji. Szczeg\u00f3\u0142owe\u00a0informacje\u00a0wraz\u00a0z\u00a0odpowiedziami\u00a0na\u00a0najcz\u0119stsze\u00a0pytania oraz formularz zg\u0142oszeniowy dost\u0119pne s\u0105 pod adresem: https:\/\/fundacja.tvn.pl\/psychoterapia<\/p>\n","protected":false},"author":1,"featured_media":375,"comment_status":"closed","ping_status":"closed","sticky":false,"template":"","format":"standard","meta":{"footnotes":""},"categories":[5],"tags":[],"class_list":["post-372","post","type-post","status-publish","format-standard","has-post-thumbnail","hentry","category-aktualnosci"],"_links":{"self":[{"href":"https:\/\/gops.bejsce.eu\/gops\/index.php?rest_route=\/wp\/v2\/posts\/372","targetHints":{"allow":["GET"]}}],"collection":[{"href":"https:\/\/gops.bejsce.eu\/gops\/index.php?rest_route=\/wp\/v2\/posts"}],"about":[{"href":"https:\/\/gops.bejsce.eu\/gops\/index.php?rest_route=\/wp\/v2\/types\/post"}],"author":[{"embeddable":true,"href":"https:\/\/gops.bejsce.eu\/gops\/index.php?rest_route=\/wp\/v2\/users\/1"}],"replies":[{"embeddable":true,"href":"https:\/\/gops.bejsce.eu\/gops\/index.php?rest_route=%2Fwp%2Fv2%2Fcomments&post=372"}],"version-history":[{"count":2,"href":"https:\/\/gops.bejsce.eu\/gops\/index.php?rest_route=\/wp\/v2\/posts\/372\/revisions"}],"predecessor-version":[{"id":374,"href":"https:\/\/gops.bejsce.eu\/gops\/index.php?rest_route=\/wp\/v2\/posts\/372\/revisions\/374"}],"wp:featuredmedia":[{"embeddable":true,"href":"https:\/\/gops.bejsce.eu\/gops\/index.php?rest_route=\/wp\/v2\/media\/375"}],"wp:attachment":[{"href":"https:\/\/gops.bejsce.eu\/gops\/index.php?rest_route=%2Fwp%2Fv2%2Fmedia&parent=372"}],"wp:term":[{"taxonomy":"category","embeddable":true,"href":"https:\/\/gops.bejsce.eu\/gops\/index.php?rest_route=%2Fwp%2Fv2%2Fcategories&post=372"},{"taxonomy":"post_tag","embeddable":true,"href":"https:\/\/gops.bejsce.eu\/gops\/index.php?rest_route=%2Fwp%2Fv2%2Ftags&post=372"}],"curies":[{"name":"wp","href":"https:\/\/api.w.org\/{rel}","templated":true}]}}