{"id":334,"date":"2025-08-22T09:39:10","date_gmt":"2025-08-22T07:39:10","guid":{"rendered":"https:\/\/gops.bejsce.eu\/gops\/?p=334"},"modified":"2025-08-22T09:39:10","modified_gmt":"2025-08-22T07:39:10","slug":"ogloszenie-o-naborze-asystent-osobisty-osoby-z-niepelnosprawnoscia-edycja-2026","status":"publish","type":"post","link":"https:\/\/gops.bejsce.eu\/gops\/?p=334","title":{"rendered":"Og\u0142oszenie o naborze \u201eAsystent osobisty osoby z niepe\u0142nosprawno\u015bci\u0105\u201d \u2013 edycja 2026"},"content":{"rendered":"<h4><img fetchpriority=\"high\" decoding=\"async\" class=\" wp-image-41807 aligncenter\" src=\"https:\/\/bejsce.eu\/wp\/..\/uploads\/asystent1-1024x535.png\" alt=\"\" width=\"515\" height=\"269\" \/><\/h4>\n<h4 style=\"text-align: justify;\"><strong>GMINA BEJSCE og\u0142asza nab\u00f3r uczestnik\u00f3w do resortowego programu Ministra Rodziny, Pracy i\u00a0Polityki Spo\u0142ecznej \u201eAsystent osobisty osoby z\u00a0niepe\u0142nosprawno\u015bci\u0105\u201d dla Jednostek Samorz\u0105du Terytorialnego \u00a0&#8211; edycja 2026.<\/strong><\/h4>\n<h4 style=\"text-align: justify;\"><em>Program ma na celu zapewnienie dost\u0119pno\u015bci do us\u0142ug asystencji osobistej, tj. wsparcia w wykonywaniu codziennych czynno\u015bci oraz funkcjonowaniu w \u017cyciu spo\u0142ecznym os\u00f3b z niepe\u0142nosprawno\u015bciami.<\/em><\/h4>\n<h4 style=\"text-align: justify;\"><strong>Adresatami programu s\u0105:<\/strong><\/h4>\n<h4 style=\"text-align: justify;\">1) dzieci od uko\u0144czenia 2. roku \u017cycia do uko\u0144czenia 16. roku \u017cycia posiadaj\u0105cym orzeczenie o niepe\u0142nosprawno\u015bci \u0142\u0105cznie ze wskazaniami w pkt 7 i 8 w orzeczeniu o niepe\u0142nosprawno\u015bci &#8211; konieczno\u015bci sta\u0142ej lub d\u0142ugotrwa\u0142ej opieki lub pomocy innej osoby w zwi\u0105zku ze znacznie ograniczon\u0105 mo\u017cliwo\u015bci\u0105 samodzielnej egzystencji oraz konieczno\u015bci sta\u0142ego wsp\u00f3\u0142udzia\u0142u na co dzie\u0144 opiekuna dziecka w procesie jego leczenia, rehabilitacji i edukacji oraz<\/h4>\n<h4 style=\"text-align: justify;\">2) osoby z niepe\u0142nosprawno\u015bciami posiadaj\u0105cym orzeczenie:<\/h4>\n<ol style=\"text-align: justify;\">\n<li>\n<h4>a) o znacznym stopniu niepe\u0142nosprawno\u015bci albo<\/h4>\n<\/li>\n<li>\n<h4>b) o umiarkowanym stopniu niepe\u0142nosprawno\u015bci, albo<\/h4>\n<\/li>\n<li>\n<h4>c) traktowane na r\u00f3wni z orzeczeniami wymienionymi w lit. a i b, zgodnie z art. 5 i art. 62 ustawy z dnia 27 sierpnia 1997 r. o rehabilitacji zawodowej i spo\u0142ecznej oraz zatrudnianiu os\u00f3b niepe\u0142nosprawnych (Dz. U. z 2025 r. poz. 913).<\/h4>\n<\/li>\n<\/ol>\n<h4 style=\"text-align: justify;\"><strong>Us\u0142ugi asystencji osobistej polegaj\u0105 na wspieraniu przez asystenta osoby\u00a0 \u00a0z niepe\u0142nosprawno\u015bci\u0105 w r\u00f3\u017cnych sferach \u017cycia, w tym:<\/strong><strong>\u00a0<\/strong><\/h4>\n<h4 style=\"text-align: justify;\">1) wsparciu uczestnika w czynno\u015bciach samoobs\u0142ugowych, w tym utrzymaniu higieny osobistej;<\/h4>\n<h4 style=\"text-align: justify;\">2) wsparciu uczestnika w prowadzeniu gospodarstwa domowego i wype\u0142nianiu r\u00f3l w rodzinie;<\/h4>\n<h4 style=\"text-align: justify;\">3) wsparciu uczestnika w przemieszczaniu si\u0119 poza miejscem zamieszkania;<\/h4>\n<h4 style=\"text-align: justify;\">4) wsparciu uczestnika w podejmowaniu aktywno\u015bci \u017cyciowej i komunikowaniu si\u0119 z otoczeniem.<\/h4>\n<h4 style=\"text-align: justify;\"><strong><em><u>Uczestnik Programu za us\u0142ugi asystencji osobistej nie ponosi odp\u0142atno\u015bci.<\/u><\/em><\/strong><\/h4>\n<h4 style=\"text-align: justify;\"><strong>SPOS\u00d3B ZG\u0141OSZENIA DO PROGRAMU:<\/strong><\/h4>\n<h4 style=\"text-align: justify;\">Gmina przyznaje us\u0142ug\u0119 asystenta na\u00a0podstawie Karty zg\u0142oszenia do Programu \u201eAsystent osobisty osoby z\u00a0niepe\u0142nosprawno\u015bci\u0105\u201d \u2013 edycja 2026.<\/h4>\n<h4 style=\"text-align: justify;\"><strong>Kart\u0119 zg\u0142oszenia do Programu mo\u017cna pobra\u0107 w Gminnym O\u015brodku Pomocy Spo\u0142ecznej w Bejscach (pok. nr 11 i 12) lub poni\u017cej w za\u0142\u0105czniku.<\/strong><\/h4>\n<h4 style=\"text-align: justify;\">Osoby zainteresowane udzia\u0142em w\u00a0programie powinny zg\u0142osi\u0107 ch\u0119\u0107 uczestnictwa <strong>od dnia 25.08.2025r. do dnia 03.09.2025r. sk\u0142adaj\u0105c<\/strong> <strong>w\u00a0Gminnym O\u015brodku Pomocy Spo\u0142ecznej w\u00a0Bejscach<\/strong>, <strong>Bejsce 252, pok\u00f3j nr 11, 12<\/strong> kart\u0119 zg\u0142oszenia do Programu \u201eAsystent osobisty osoby z\u00a0niepe\u0142nosprawno\u015bci\u0105\u201d &#8211;\u00a0 za\u0142\u0105cznik nr 7 do Programu Ministra Rodziny, Pracy i Polityki Spo\u0142ecznej \u201eAsystent osobisty osoby z niepe\u0142nosprawno\u015bci\u0105\u201d dla Jednostek Samorz\u0105du Terytorialnego &#8211; edycja 2026 wraz z\u00a0<u>orzeczeniem o niepe\u0142nosprawno\u015bci (do wgl\u0105du).<\/u><\/h4>\n<h4 style=\"text-align: justify;\">\u00a0<strong><em>Osoby, kt\u00f3re nie mog\u0105 samodzielnie dostarczy\u0107 dokument\u00f3w zg\u0142oszeniowych \u2013 proszone s\u0105 o kontakt z Gminnym O\u015brodkiem Pomocy Spo\u0142ecznej w Bejscach, tel. 41 3511010, wew. 26, 38<\/em><\/strong><\/h4>\n<h4 style=\"text-align: justify;\"><strong>Z\u0142o\u017cenie karty zg\u0142oszenia do Programu nie jest jednoznaczne z przyznaniem pomocy asystenta osobistego osoby z niepe\u0142nosprawno\u015bci\u0105. Przyznanie asystenta uzale\u017cnione jest przede wszystkim od \u015brodk\u00f3w finansowych, kt\u00f3re gmina uzyska na realizacj\u0119 programu oraz liczby os\u00f3b, kt\u00f3re zechc\u0105 by\u0107 uczestnikami Programu.<\/strong><\/h4>\n<h4 style=\"text-align: justify;\"><strong>Karta zg\u0142oszenia do programu \u201eAsystent osobisty osoby z niepe\u0142nosprawno\u015bci\u0105\u201d \u2013 edycja 2026 (<a href=\"https:\/\/niepelnosprawni.gov.pl\/download\/6763\/?tmstv=1755848204\">za\u0142\u0105cznik nr 7<\/a>): <\/strong><\/h4>\n<a id=\"\" href=\"https:\/\/niepelnosprawni.gov.pl\/program-fs\/nabor-wnioskow-w-ramach-resortowego-programu-ministra-rodziny-pracy-i-polityki-spolecznej-asystent-osobisty-osoby-z-niepelnosprawnoscia-dla-jednostek-samorzadu-terytorialnego\/\" target=\"_blank\" title=\"wi\u0119cej informacji\" class=\"button_ default small  margin-t0  align\" data-rt-animate=\"animate\" data-rt-animation-type=\"bounceIn\" data-rt-animation-group=\"single\" >wi\u0119cej informacji<\/a>\n","protected":false},"excerpt":{"rendered":"<p>GMINA BEJSCE og\u0142asza nab\u00f3r uczestnik\u00f3w do resortowego programu Ministra Rodziny, Pracy i\u00a0Polityki Spo\u0142ecznej \u201eAsystent osobisty osoby z\u00a0niepe\u0142nosprawno\u015bci\u0105\u201d dla Jednostek Samorz\u0105du Terytorialnego \u00a0&#8211; edycja 2026. Program ma na celu zapewnienie dost\u0119pno\u015bci do us\u0142ug asystencji osobistej, tj. wsparcia w wykonywaniu codziennych czynno\u015bci oraz funkcjonowaniu w \u017cyciu spo\u0142ecznym os\u00f3b z niepe\u0142nosprawno\u015bciami. Adresatami programu s\u0105: 1) dzieci od uko\u0144czenia [&hellip;]<\/p>\n","protected":false},"author":1,"featured_media":335,"comment_status":"closed","ping_status":"closed","sticky":false,"template":"","format":"standard","meta":{"footnotes":""},"categories":[5],"tags":[],"class_list":["post-334","post","type-post","status-publish","format-standard","has-post-thumbnail","hentry","category-aktualnosci"],"_links":{"self":[{"href":"https:\/\/gops.bejsce.eu\/gops\/index.php?rest_route=\/wp\/v2\/posts\/334","targetHints":{"allow":["GET"]}}],"collection":[{"href":"https:\/\/gops.bejsce.eu\/gops\/index.php?rest_route=\/wp\/v2\/posts"}],"about":[{"href":"https:\/\/gops.bejsce.eu\/gops\/index.php?rest_route=\/wp\/v2\/types\/post"}],"author":[{"embeddable":true,"href":"https:\/\/gops.bejsce.eu\/gops\/index.php?rest_route=\/wp\/v2\/users\/1"}],"replies":[{"embeddable":true,"href":"https:\/\/gops.bejsce.eu\/gops\/index.php?rest_route=%2Fwp%2Fv2%2Fcomments&post=334"}],"version-history":[{"count":1,"href":"https:\/\/gops.bejsce.eu\/gops\/index.php?rest_route=\/wp\/v2\/posts\/334\/revisions"}],"predecessor-version":[{"id":336,"href":"https:\/\/gops.bejsce.eu\/gops\/index.php?rest_route=\/wp\/v2\/posts\/334\/revisions\/336"}],"wp:featuredmedia":[{"embeddable":true,"href":"https:\/\/gops.bejsce.eu\/gops\/index.php?rest_route=\/wp\/v2\/media\/335"}],"wp:attachment":[{"href":"https:\/\/gops.bejsce.eu\/gops\/index.php?rest_route=%2Fwp%2Fv2%2Fmedia&parent=334"}],"wp:term":[{"taxonomy":"category","embeddable":true,"href":"https:\/\/gops.bejsce.eu\/gops\/index.php?rest_route=%2Fwp%2Fv2%2Fcategories&post=334"},{"taxonomy":"post_tag","embeddable":true,"href":"https:\/\/gops.bejsce.eu\/gops\/index.php?rest_route=%2Fwp%2Fv2%2Ftags&post=334"}],"curies":[{"name":"wp","href":"https:\/\/api.w.org\/{rel}","templated":true}]}}