{"id":30,"date":"2023-01-19T14:34:19","date_gmt":"2023-01-19T13:34:19","guid":{"rendered":"http:\/\/wordpress2213679.home.pl\/gops1\/?p=30"},"modified":"2023-01-19T14:34:34","modified_gmt":"2023-01-19T13:34:34","slug":"przyjmowanie-wnioskow-z-programu-pomoc-zywnosciowapodprogram-2021-plus","status":"publish","type":"post","link":"https:\/\/gops.bejsce.eu\/gops\/?p=30","title":{"rendered":"Przyjmowanie wniosk\u00f3w z programu \u201ePomoc \u017bywno\u015bciowa,Podprogram 2021 plus\u201d"},"content":{"rendered":"<h4 style=\"text-align: justify;\">Gminny O\u015brodek Pomocy Spo\u0142ecznej w Bejscach uprzejmie informuje, \u017ce od dnia 18.01.2023\u00a0do 31.01.2023 roku mo\u017cna sk\u0142ada\u0107 wnioski o udzielenie pomocy \u017cywno\u015bciowej w ramach \u00a0programu operacyjnego \u201ePomoc \u017bywno\u015bciowa, Podprogram 2021 Plus\u201d.<\/h4>\n<h4>Jednocze\u015bnie informujemy, \u017ce kryterium dochodowe uprawniaj\u0105ce do pomocy \u017cywno\u015bciowej\u00a0w ramach POP\u017b wynosi:<\/h4>\n<h4>\u2013 1.707,20 z\u0142. \u2013 dla osoby samotnie gospodaruj\u0105cej<\/h4>\n<h4>\u2013 1.320,00 z\u0142. \u2013 dla osoby w rodzinie<\/h4>\n","protected":false},"excerpt":{"rendered":"<p>Gminny O\u015brodek Pomocy Spo\u0142ecznej w Bejscach uprzejmie informuje, \u017ce od dnia 18.01.2023\u00a0do 31.01.2023 roku mo\u017cna sk\u0142ada\u0107 wnioski o udzielenie pomocy \u017cywno\u015bciowej w ramach \u00a0programu operacyjnego \u201ePomoc \u017bywno\u015bciowa, Podprogram 2021 Plus\u201d. Jednocze\u015bnie informujemy, \u017ce kryterium dochodowe uprawniaj\u0105ce do pomocy \u017cywno\u015bciowej\u00a0w ramach POP\u017b wynosi: \u2013 1.707,20 z\u0142. \u2013 dla osoby samotnie gospodaruj\u0105cej \u2013 1.320,00 z\u0142. \u2013 dla [&hellip;]<\/p>\n","protected":false},"author":1,"featured_media":29,"comment_status":"open","ping_status":"open","sticky":false,"template":"","format":"standard","meta":{"footnotes":""},"categories":[5],"tags":[],"class_list":["post-30","post","type-post","status-publish","format-standard","has-post-thumbnail","hentry","category-aktualnosci"],"_links":{"self":[{"href":"https:\/\/gops.bejsce.eu\/gops\/index.php?rest_route=\/wp\/v2\/posts\/30","targetHints":{"allow":["GET"]}}],"collection":[{"href":"https:\/\/gops.bejsce.eu\/gops\/index.php?rest_route=\/wp\/v2\/posts"}],"about":[{"href":"https:\/\/gops.bejsce.eu\/gops\/index.php?rest_route=\/wp\/v2\/types\/post"}],"author":[{"embeddable":true,"href":"https:\/\/gops.bejsce.eu\/gops\/index.php?rest_route=\/wp\/v2\/users\/1"}],"replies":[{"embeddable":true,"href":"https:\/\/gops.bejsce.eu\/gops\/index.php?rest_route=%2Fwp%2Fv2%2Fcomments&post=30"}],"version-history":[{"count":2,"href":"https:\/\/gops.bejsce.eu\/gops\/index.php?rest_route=\/wp\/v2\/posts\/30\/revisions"}],"predecessor-version":[{"id":32,"href":"https:\/\/gops.bejsce.eu\/gops\/index.php?rest_route=\/wp\/v2\/posts\/30\/revisions\/32"}],"wp:featuredmedia":[{"embeddable":true,"href":"https:\/\/gops.bejsce.eu\/gops\/index.php?rest_route=\/wp\/v2\/media\/29"}],"wp:attachment":[{"href":"https:\/\/gops.bejsce.eu\/gops\/index.php?rest_route=%2Fwp%2Fv2%2Fmedia&parent=30"}],"wp:term":[{"taxonomy":"category","embeddable":true,"href":"https:\/\/gops.bejsce.eu\/gops\/index.php?rest_route=%2Fwp%2Fv2%2Fcategories&post=30"},{"taxonomy":"post_tag","embeddable":true,"href":"https:\/\/gops.bejsce.eu\/gops\/index.php?rest_route=%2Fwp%2Fv2%2Ftags&post=30"}],"curies":[{"name":"wp","href":"https:\/\/api.w.org\/{rel}","templated":true}]}}