{"id":286,"date":"2025-02-18T14:00:29","date_gmt":"2025-02-18T13:00:29","guid":{"rendered":"https:\/\/gops.bejsce.eu\/gops\/?p=286"},"modified":"2025-02-18T14:00:29","modified_gmt":"2025-02-18T13:00:29","slug":"program-fundusze-europejskie-na-pomoc-zywnosciowa-2021-2027","status":"publish","type":"post","link":"https:\/\/gops.bejsce.eu\/gops\/?p=286","title":{"rendered":"Program Fundusze Europejskie na Pomoc \u017bywno\u015bciow\u0105 2021-2027"},"content":{"rendered":"<h4>Informujemy, i\u017c rozpoczyna si\u0119 kolejny etap wsparcia \u017cywno\u015bciowego dla os\u00f3b potrzebuj\u0105cych: <strong>Program Fundusze Europejskie na Pomoc \u017bywno\u015bciow\u0105 2021-2027 wsp\u00f3\u0142finansowany z Europejskiego Funduszu Spo\u0142ecznego Plus, <\/strong>kt\u00f3ry zaplanowany jest na okres luty &#8211; wrzesie\u0144 2025.<\/h4>\n<h4>Gminny O\u015brodek Pomocy Spo\u0142ecznej w Bejscach wsp\u00f3\u0142pracuj\u0105ca z Bankiem \u017bywno\u015bci w Kielcach \u2013 Kielecki Bank \u017bywno\u015bci wspiera osoby potrzebuj\u0105ce z wojew\u00f3dztwa \u015bwi\u0119tokrzyskiego , na terenie powiatu kazimierskiego w gminie Bejsce.<\/h4>\n<h4><strong>Cel programu jest udzielanie<\/strong> pomocy \u017cywno\u015bciowej osobom najbardziej potrzebuj\u0105cym oraz zapewnianie \u015brodk\u00f3w towarzysz\u0105cych, wspieraj\u0105cych ich w\u0142\u0105czenie spo\u0142eczne.<\/h4>\n<h4><strong>ODBIORCY POMOCY \u017bYWNO\u015aCIOWEJ I DZIA\u0141A\u0143 TOWARZYSZ\u0104CYCH:<\/strong><\/h4>\n<h4>Z pomocy \u017cywno\u015bciowej mog\u0105 skorzysta\u0107 osoby i rodziny znajduj\u0105ce si\u0119 w trudnej sytuacji \u017cyciowej, spe\u0142niaj\u0105ce:<\/h4>\n<ol>\n<li>\n<h4>kryteria <strong>okre\u015blone w art. 7 ustawy z dnia 12 marca 2004 r. o pomocy spo\u0142ecznej (Dz. U. z 2023 poz. 901 i 1693) <\/strong><\/h4>\n<\/li>\n<li>\n<h4>kryterium dochodowe wynosz\u0105ce <strong>676,50 PLN dla osoby samotnie gospodaruj\u0105cej i 2 180,95 PLN dla osoby w rodzinie.<\/strong><\/h4>\n<\/li>\n<\/ol>\n<h4><strong>Pomoc mog\u0105 uzyska\u0107 osoby najbardziej potrzebuj\u0105ce, kt\u00f3re otrzyma\u0142y skierowanie z O\u015brodka Pomocy Spo\u0142ecznej.<\/strong><\/h4>\n<h4><\/h4>\n<h4><strong>POMOC \u017bYWNO\u015aCIOWA<\/strong><\/h4>\n<h4>W ramach programu <strong>ka\u017cda osoba skierowana do pomocy \u017cywno\u015bciowej mo\u017ce otrzyma\u0107 BEZP\u0141ATNIE min. ok. 30 kg artyku\u0142\u00f3w spo\u017cywczych <\/strong>w formie kilku paczek \u017cywno\u015bciowych:<\/h4>\n<table width=\"0\">\n<tbody>\n<tr>\n<td width=\"260\">\n<h4 style=\"text-align: center;\">Nazwa artyku\u0142u spo\u017cywczego FEP\u017b<\/h4>\n<\/td>\n<td style=\"text-align: center;\" width=\"318\">\n<h4>Maksymalna ilo\u015b\u0107 sztuk\/kg na osob\u0119<\/h4>\n<\/td>\n<\/tr>\n<tr>\n<td width=\"260\">\n<h4>Groszek z marchewk\u0105<\/h4>\n<\/td>\n<td width=\"318\">\n<h4 style=\"text-align: center;\">5 szt. \/ 2 kg<\/h4>\n<\/td>\n<\/tr>\n<tr>\n<td width=\"260\">\n<h4 style=\"text-align: center;\">Koncentrat pomidorowy<\/h4>\n<\/td>\n<td width=\"318\">\n<h4 style=\"text-align: center;\">7 szt. \/ 1,12 kg<\/h4>\n<\/td>\n<\/tr>\n<tr>\n<td width=\"260\">\n<h4 style=\"text-align: center;\">D\u017cem truskawkowy<\/h4>\n<\/td>\n<td width=\"318\">\n<h4 style=\"text-align: center;\">5 szt. \/ 1, 5kg<\/h4>\n<\/td>\n<\/tr>\n<tr>\n<td width=\"260\">\n<h4 style=\"text-align: center;\">Makaron jajeczny \u015bwiderki<\/h4>\n<\/td>\n<td width=\"318\">\n<h4 style=\"text-align: center;\">6 szt. \/ 3 kg<\/h4>\n<\/td>\n<\/tr>\n<tr>\n<td width=\"260\">\n<h4 style=\"text-align: center;\">M\u0105ka pszenna<\/h4>\n<\/td>\n<td width=\"318\">\n<h4 style=\"text-align: center;\">4 szt.\u00a0 \/ 4 kg<\/h4>\n<\/td>\n<\/tr>\n<tr>\n<td width=\"260\">\n<h4 style=\"text-align: center;\">P\u0142atki owsiane<\/h4>\n<\/td>\n<td width=\"318\">\n<h4 style=\"text-align: center;\">3 szt. \/ 1,5 kg<\/h4>\n<\/td>\n<\/tr>\n<tr>\n<td width=\"260\">\n<h4 style=\"text-align: center;\">Kawa zbo\u017cowa rozpuszczalna<\/h4>\n<\/td>\n<td width=\"318\">\n<h4 style=\"text-align: center;\">2 szt. \/ 0,4 kg<\/h4>\n<\/td>\n<\/tr>\n<tr>\n<td width=\"260\">\n<h4 style=\"text-align: center;\">Mleko UHT<\/h4>\n<\/td>\n<td width=\"318\">\n<h4 style=\"text-align: center;\">7 sz.\u00a0 \/ 7 l<\/h4>\n<\/td>\n<\/tr>\n<tr>\n<td width=\"260\">\n<h4 style=\"text-align: center;\">Ser podpuszczkowy dojrzewaj\u0105cy<\/h4>\n<\/td>\n<td width=\"318\">\n<h4 style=\"text-align: center;\">3 szt. \/1,2 kg<\/h4>\n<\/td>\n<\/tr>\n<tr>\n<td width=\"260\">\n<h4 style=\"text-align: center;\">Szynka wieprzowa mielona<\/h4>\n<\/td>\n<td width=\"318\">\n<h4 style=\"text-align: center;\">5 szt. \/ 1,5 kg<\/h4>\n<\/td>\n<\/tr>\n<tr>\n<td width=\"260\">\n<h4 style=\"text-align: center;\">Szynka drobiowa<\/h4>\n<\/td>\n<td width=\"318\">\n<h4 style=\"text-align: center;\">5 szt. \/1,5 kg<\/h4>\n<\/td>\n<\/tr>\n<tr>\n<td style=\"text-align: center;\" width=\"260\">\n<h4>Pasztet wieprzowy<\/h4>\n<\/td>\n<td width=\"318\">\n<h4 style=\"text-align: center;\">4 szt. \/0,64 kg<\/h4>\n<\/td>\n<\/tr>\n<tr>\n<td width=\"260\">\n<h4 style=\"text-align: center;\">Szprot w oleju<\/h4>\n<\/td>\n<td width=\"318\">\n<h4 style=\"text-align: center;\">5 szt. \/0,85 kg<\/h4>\n<\/td>\n<\/tr>\n<tr>\n<td width=\"260\">\n<h4 style=\"text-align: center;\">Cukier bia\u0142y<\/h4>\n<\/td>\n<td width=\"318\">\n<h4 style=\"text-align: center;\">4 szt. \/ 4 kg<\/h4>\n<\/td>\n<\/tr>\n<tr>\n<td width=\"260\">\n<h4 style=\"text-align: center;\">Mi\u00f3d nektarowy wielokwiatowy<\/h4>\n<\/td>\n<td width=\"318\">\n<h4 style=\"text-align: center;\">2 szt. \/0,8 kg<\/h4>\n<\/td>\n<\/tr>\n<tr>\n<td width=\"260\">\n<h4 style=\"text-align: center;\">Olej rzepakowy<\/h4>\n<\/td>\n<td width=\"318\">\n<h4 style=\"text-align: center;\">4 szt.\u00a0 \/4 l<\/h4>\n<\/td>\n<\/tr>\n<tr>\n<td style=\"text-align: center;\" width=\"260\">\n<h4>Fasolka po breto\u0144sku<\/h4>\n<\/td>\n<td width=\"318\">\n<h4 style=\"text-align: center;\">4 szt. \/ 2 kg<\/h4>\n<\/td>\n<\/tr>\n<\/tbody>\n<\/table>\n<h4><strong>\u00a0<\/strong><\/h4>\n<h4><strong>Je\u015bli rodzina liczy 5 os\u00f3b, to ka\u017cda z tych os\u00f3b otrzyma taki sam zestaw artyku\u0142\u00f3w spo\u017cywczych. Dodatkowo mo\u017ce otrzyma\u0107 \u017cywno\u015b\u0107 z darowizn z kr\u00f3tkim terminem przydatno\u015bci.\u00a0 <\/strong><\/h4>\n<h4><\/h4>\n<h4><strong>DZIA\u0141ANIA TOWARZYSZ\u0104CE<\/strong><\/h4>\n<h4>Dodatkowo Gminny O\u015brodek Pomocy Spo\u0142ecznej w Bejscach wraz z Bankiem \u017bywno\u015bci b\u0119dzie realizowa\u0142 nast\u0119puj\u0105ce, planowane dzia\u0142ania towarzysz\u0105ce w\u015br\u00f3d os\u00f3b potrzebuj\u0105cych, wspieraj\u0105ce ich w\u0142\u0105cznie spo\u0142eczne:<\/h4>\n<ul>\n<li>\n<h4>Cykle edukacyjne tematyczne: edukacji ekonomicznej, \u017cywieniowo-dietetyczne, kulinarne, dotycz\u0105ce praw konsumenta.<\/h4>\n<\/li>\n<li>\n<h4>Warsztaty edukacyjne z zakresu: niemarnowania \u017cywno\u015bci, prawid\u0142owej segregacji odpad\u00f3w, kulinarne, psychodietetyczne, gospodarowanie bud\u017cetem domowym.<\/h4>\n<\/li>\n<li>\n<h4>Dzia\u0142ania o charakterze w\u0142\u0105czeniowo-integracyjnym (cykle).<\/h4>\n<\/li>\n<li>\n<h4>Dy\u017cury konsultacyjne.<\/h4>\n<\/li>\n<\/ul>\n<h4><em>Wi\u0119cej informacji o dzia\u0142alno\u015bci\u00a0Bank\u00f3w \u017bywno\u015bci\u00a0oraz sposobie realizacji programu na stronie internetowej <\/em><em><a href=\"http:\/\/www.fepz.bankizywnosci.pl\/\">www.fepz.bankizywnosci.pl<\/a><\/em><\/h4>\n<h4><\/h4>\n<h4><strong>DANE KONTAKTOWE<\/strong><\/h4>\n<h4>Osoby, kt\u00f3re chc\u0105 skorzysta\u0107 z pomocy\u00a0\u017cywno\u015bciowej w ramach realizacji <strong>Programu Fundusze Europejskie na Pomoc \u017bywno\u015bciow\u0105 2021-2027 wsp\u00f3\u0142finansowanego z Europejskiego Funduszu Spo\u0142ecznego Plus <\/strong>proszone s\u0105 o kontakt \u00a0z pracownikami:<\/h4>\n<ul>\n<li>\n<h4><strong>Gminnego O\u015brodka Pomocy Spo\u0142ecznej w Bejscach, Bejsce 252, 28-512 Bejsce osobi\u015bcie lub pod nr. Tel: ( 41 ) 35 11 010 wew. 26 lub wew. 33 <\/strong><\/h4>\n<\/li>\n<\/ul>\n<h4><\/h4>\n<h4><img fetchpriority=\"high\" decoding=\"async\" class=\"size-full wp-image-288 aligncenter\" src=\"https:\/\/gops.bejsce.eu\/gops\/wp-content\/uploads\/2025\/02\/pomoczywn.png\" alt=\"\" width=\"888\" height=\"1289\" srcset=\"https:\/\/gops.bejsce.eu\/gops\/wp-content\/uploads\/2025\/02\/pomoczywn.png 888w, https:\/\/gops.bejsce.eu\/gops\/wp-content\/uploads\/2025\/02\/pomoczywn-207x300.png 207w, https:\/\/gops.bejsce.eu\/gops\/wp-content\/uploads\/2025\/02\/pomoczywn-705x1024.png 705w, https:\/\/gops.bejsce.eu\/gops\/wp-content\/uploads\/2025\/02\/pomoczywn-768x1115.png 768w\" sizes=\"(max-width: 888px) 100vw, 888px\" \/><\/h4>\n<p><img decoding=\"async\" class=\"size-full wp-image-289 aligncenter\" src=\"https:\/\/gops.bejsce.eu\/gops\/wp-content\/uploads\/2025\/02\/ulotkapom.zywn_.png\" alt=\"\" width=\"1004\" height=\"704\" srcset=\"https:\/\/gops.bejsce.eu\/gops\/wp-content\/uploads\/2025\/02\/ulotkapom.zywn_.png 1004w, https:\/\/gops.bejsce.eu\/gops\/wp-content\/uploads\/2025\/02\/ulotkapom.zywn_-300x210.png 300w, https:\/\/gops.bejsce.eu\/gops\/wp-content\/uploads\/2025\/02\/ulotkapom.zywn_-768x539.png 768w\" sizes=\"(max-width: 1004px) 100vw, 1004px\" \/><\/p>\n<h4><\/h4>\n<h4><\/h4>\n<h4><\/h4>\n<h4><\/h4>\n<h4><\/h4>\n<h4><\/h4>\n<h4><\/h4>\n","protected":false},"excerpt":{"rendered":"<p>Informujemy, i\u017c rozpoczyna si\u0119 kolejny etap wsparcia \u017cywno\u015bciowego dla os\u00f3b potrzebuj\u0105cych: Program Fundusze Europejskie na Pomoc \u017bywno\u015bciow\u0105 2021-2027 wsp\u00f3\u0142finansowany z Europejskiego Funduszu Spo\u0142ecznego Plus, kt\u00f3ry zaplanowany jest na okres luty &#8211; wrzesie\u0144 2025. Gminny O\u015brodek Pomocy Spo\u0142ecznej w Bejscach wsp\u00f3\u0142pracuj\u0105ca z Bankiem \u017bywno\u015bci w Kielcach \u2013 Kielecki Bank \u017bywno\u015bci wspiera osoby potrzebuj\u0105ce z wojew\u00f3dztwa \u015bwi\u0119tokrzyskiego [&hellip;]<\/p>\n","protected":false},"author":1,"featured_media":290,"comment_status":"closed","ping_status":"closed","sticky":false,"template":"","format":"standard","meta":{"footnotes":""},"categories":[5],"tags":[],"class_list":["post-286","post","type-post","status-publish","format-standard","has-post-thumbnail","hentry","category-aktualnosci"],"_links":{"self":[{"href":"https:\/\/gops.bejsce.eu\/gops\/index.php?rest_route=\/wp\/v2\/posts\/286","targetHints":{"allow":["GET"]}}],"collection":[{"href":"https:\/\/gops.bejsce.eu\/gops\/index.php?rest_route=\/wp\/v2\/posts"}],"about":[{"href":"https:\/\/gops.bejsce.eu\/gops\/index.php?rest_route=\/wp\/v2\/types\/post"}],"author":[{"embeddable":true,"href":"https:\/\/gops.bejsce.eu\/gops\/index.php?rest_route=\/wp\/v2\/users\/1"}],"replies":[{"embeddable":true,"href":"https:\/\/gops.bejsce.eu\/gops\/index.php?rest_route=%2Fwp%2Fv2%2Fcomments&post=286"}],"version-history":[{"count":2,"href":"https:\/\/gops.bejsce.eu\/gops\/index.php?rest_route=\/wp\/v2\/posts\/286\/revisions"}],"predecessor-version":[{"id":291,"href":"https:\/\/gops.bejsce.eu\/gops\/index.php?rest_route=\/wp\/v2\/posts\/286\/revisions\/291"}],"wp:featuredmedia":[{"embeddable":true,"href":"https:\/\/gops.bejsce.eu\/gops\/index.php?rest_route=\/wp\/v2\/media\/290"}],"wp:attachment":[{"href":"https:\/\/gops.bejsce.eu\/gops\/index.php?rest_route=%2Fwp%2Fv2%2Fmedia&parent=286"}],"wp:term":[{"taxonomy":"category","embeddable":true,"href":"https:\/\/gops.bejsce.eu\/gops\/index.php?rest_route=%2Fwp%2Fv2%2Fcategories&post=286"},{"taxonomy":"post_tag","embeddable":true,"href":"https:\/\/gops.bejsce.eu\/gops\/index.php?rest_route=%2Fwp%2Fv2%2Ftags&post=286"}],"curies":[{"name":"wp","href":"https:\/\/api.w.org\/{rel}","templated":true}]}}