{"id":249,"date":"2024-09-16T13:49:05","date_gmt":"2024-09-16T11:49:05","guid":{"rendered":"https:\/\/gops.bejsce.eu\/gops\/?p=249"},"modified":"2024-09-16T13:49:05","modified_gmt":"2024-09-16T11:49:05","slug":"ruszamy-z-pilna-pomoca-powodzianom","status":"publish","type":"post","link":"https:\/\/gops.bejsce.eu\/gops\/?p=249","title":{"rendered":"Ruszamy z piln\u0105 pomoc\u0105 powodzianom!"},"content":{"rendered":"<h4 class=\"v1MsoNormal\"><span class=\"v1font\"><span class=\"v1size\">W odpowiedzi na dramatyczn\u0105 sytuacj\u0119 os\u00f3b dotkni\u0119tych powodzi\u0105\u00a0\u00a0&#8211; Samorz\u0105d Gminy Bejsce za po\u015brednictwem Gminnego O\u015brodka Pomocy Spo\u0142ecznej w Bejscach organizuje pomoc dla mieszka\u0144c\u00f3w po\u0142udniowo &#8211; zachodniej Polski dotkni\u0119tych powodzi\u0105.<\/span><\/span><\/h4>\n<h4 class=\"v1MsoNormal\"><b><span class=\"v1font\"><span class=\"v1size\">Drodzy mieszka\u0144cy\u00a0\u00a0zbierana jest wy\u0142\u0105cznie pomoc rzeczowa, mi\u0119dzy innymi:<\/span><\/span><\/b><\/h4>\n<h4 class=\"v1MsoNormal\"><span class=\"v1font\"><span class=\"v1size\">&#8211; woda butelkowana do picia<\/span><\/span><\/h4>\n<h4 class=\"v1MsoNormal\"><span class=\"v1font\"><span class=\"v1size\">&#8211; sucha \u017cywno\u015b\u0107<\/span><\/span><\/h4>\n<h4 class=\"v1MsoNormal\"><span class=\"v1font\"><span class=\"v1size\">&#8211; \u015brodki czysto\u015bci<\/span><\/span><\/h4>\n<h4 class=\"v1MsoNormal\"><span class=\"v1font\"><span class=\"v1size\">&#8211; r\u0119czniki<\/span><\/span><\/h4>\n<h4 class=\"v1MsoNormal\"><span class=\"v1font\"><span class=\"v1size\">&#8211; \u015brodki higieniczne<\/span><\/span><\/h4>\n<h4 class=\"v1MsoNormal\"><span class=\"v1font\"><span class=\"v1size\">&#8211; \u015brodki opatrunkowe<\/span><\/span><\/h4>\n<h4 class=\"v1MsoNormal\"><span class=\"v1font\"><span class=\"v1size\">&#8211; koce, poduszki, ko\u0142dry \u015bpiwory<\/span><\/span><\/h4>\n<h4 class=\"v1MsoNormal\"><span class=\"v1font\"><span class=\"v1size\">&#8211; latarki z bateriami<\/span><\/span><\/h4>\n<h4 class=\"v1MsoNormal\"><span class=\"v1font\"><span class=\"v1size\">&#8211; przed\u0142u\u017cacze , \u0142adowarki do telefon\u00f3w<\/span><\/span><\/h4>\n<h4 class=\"v1MsoNormal\"><span class=\"v1font\"><span class=\"v1size\">&#8211; sucha karma dla zwierz\u0105t domowych<\/span><\/span><\/h4>\n<h4 class=\"v1MsoNormal\"><span class=\"v1font\"><span class=\"v1size\">Zbi\u00f3rka trwa do dnia 19.09.2024 roku (czwartek) do godz. 15.00 .<\/span><\/span><\/h4>\n<h4 class=\"v1MsoNormal\"><span class=\"v1font\"><span class=\"v1size\">Dary b\u0119dzie mo\u017cna przynosi\u0107 do Urz\u0119du Gminy Bejsce.<\/span><\/span><\/h4>\n<h4 class=\"v1MsoNormal\"><b><span class=\"v1font\"><span class=\"v1size\">Z g\u00f3ry dzi\u0119kujemy za okazan\u0105 pomoc.<\/span><\/span><\/b><\/h4>\n<h4><\/h4>\n","protected":false},"excerpt":{"rendered":"<p>W odpowiedzi na dramatyczn\u0105 sytuacj\u0119 os\u00f3b dotkni\u0119tych powodzi\u0105\u00a0\u00a0&#8211; Samorz\u0105d Gminy Bejsce za po\u015brednictwem Gminnego O\u015brodka Pomocy Spo\u0142ecznej w Bejscach organizuje pomoc dla mieszka\u0144c\u00f3w po\u0142udniowo &#8211; zachodniej Polski dotkni\u0119tych powodzi\u0105. Drodzy mieszka\u0144cy\u00a0\u00a0zbierana jest wy\u0142\u0105cznie pomoc rzeczowa, mi\u0119dzy innymi: &#8211; woda butelkowana do picia &#8211; sucha \u017cywno\u015b\u0107 &#8211; \u015brodki czysto\u015bci &#8211; r\u0119czniki &#8211; \u015brodki higieniczne &#8211; \u015brodki [&hellip;]<\/p>\n","protected":false},"author":1,"featured_media":104,"comment_status":"closed","ping_status":"closed","sticky":false,"template":"","format":"standard","meta":{"footnotes":""},"categories":[5],"tags":[],"class_list":["post-249","post","type-post","status-publish","format-standard","has-post-thumbnail","hentry","category-aktualnosci"],"_links":{"self":[{"href":"https:\/\/gops.bejsce.eu\/gops\/index.php?rest_route=\/wp\/v2\/posts\/249","targetHints":{"allow":["GET"]}}],"collection":[{"href":"https:\/\/gops.bejsce.eu\/gops\/index.php?rest_route=\/wp\/v2\/posts"}],"about":[{"href":"https:\/\/gops.bejsce.eu\/gops\/index.php?rest_route=\/wp\/v2\/types\/post"}],"author":[{"embeddable":true,"href":"https:\/\/gops.bejsce.eu\/gops\/index.php?rest_route=\/wp\/v2\/users\/1"}],"replies":[{"embeddable":true,"href":"https:\/\/gops.bejsce.eu\/gops\/index.php?rest_route=%2Fwp%2Fv2%2Fcomments&post=249"}],"version-history":[{"count":1,"href":"https:\/\/gops.bejsce.eu\/gops\/index.php?rest_route=\/wp\/v2\/posts\/249\/revisions"}],"predecessor-version":[{"id":250,"href":"https:\/\/gops.bejsce.eu\/gops\/index.php?rest_route=\/wp\/v2\/posts\/249\/revisions\/250"}],"wp:featuredmedia":[{"embeddable":true,"href":"https:\/\/gops.bejsce.eu\/gops\/index.php?rest_route=\/wp\/v2\/media\/104"}],"wp:attachment":[{"href":"https:\/\/gops.bejsce.eu\/gops\/index.php?rest_route=%2Fwp%2Fv2%2Fmedia&parent=249"}],"wp:term":[{"taxonomy":"category","embeddable":true,"href":"https:\/\/gops.bejsce.eu\/gops\/index.php?rest_route=%2Fwp%2Fv2%2Fcategories&post=249"},{"taxonomy":"post_tag","embeddable":true,"href":"https:\/\/gops.bejsce.eu\/gops\/index.php?rest_route=%2Fwp%2Fv2%2Ftags&post=249"}],"curies":[{"name":"wp","href":"https:\/\/api.w.org\/{rel}","templated":true}]}}