{"id":240,"date":"2024-08-22T07:02:50","date_gmt":"2024-08-22T05:02:50","guid":{"rendered":"https:\/\/gops.bejsce.eu\/gops\/?p=240"},"modified":"2024-08-26T07:06:50","modified_gmt":"2024-08-26T05:06:50","slug":"dystrybucja-zywnosci","status":"publish","type":"post","link":"https:\/\/gops.bejsce.eu\/gops\/?p=240","title":{"rendered":"Dystrybucja \u017cywno\u015bci"},"content":{"rendered":"<h4><img fetchpriority=\"high\" decoding=\"async\" class=\"alignnone size-full wp-image-241\" src=\"https:\/\/gops.bejsce.eu\/gops\/wp-content\/uploads\/2024\/08\/fundusze.png\" alt=\"\" width=\"473\" height=\"145\" srcset=\"https:\/\/gops.bejsce.eu\/gops\/wp-content\/uploads\/2024\/08\/fundusze.png 473w, https:\/\/gops.bejsce.eu\/gops\/wp-content\/uploads\/2024\/08\/fundusze-300x92.png 300w\" sizes=\"(max-width: 473px) 100vw, 473px\" \/><\/h4>\n<h4><strong>Dystrybucja \u017cywno\u015bci w formie paczek \u017cywno\u015bciowych dla zakwalifikowanych os\u00f3b potrzebuj\u0105cych w ramach Programu Fundusze Europejskie na Pomoc \u017bywno\u015bciow\u0105 2021-2027 odb\u0119dzie si\u0119:<\/strong><\/h4>\n<ul>\n<li>\n<h4><strong>Termin: <\/strong><strong>28.08.2024 r. \u2013 29.08.2024 r.<\/strong><\/h4>\n<\/li>\n<\/ul>\n<ul>\n<li>\n<h4><strong>Miejsce: <\/strong><strong>Hala na placu targowym przy Urz\u0119dzie Gminy w Bejscach<\/strong><\/h4>\n<\/li>\n<\/ul>\n<p><img decoding=\"async\" class=\"alignnone size-full wp-image-242\" src=\"https:\/\/gops.bejsce.eu\/gops\/wp-content\/uploads\/2024\/08\/logo-d.png\" alt=\"\" width=\"606\" height=\"58\" srcset=\"https:\/\/gops.bejsce.eu\/gops\/wp-content\/uploads\/2024\/08\/logo-d.png 606w, https:\/\/gops.bejsce.eu\/gops\/wp-content\/uploads\/2024\/08\/logo-d-300x29.png 300w\" sizes=\"(max-width: 606px) 100vw, 606px\" \/><\/p>\n","protected":false},"excerpt":{"rendered":"<p>Dystrybucja \u017cywno\u015bci w formie paczek \u017cywno\u015bciowych dla zakwalifikowanych os\u00f3b potrzebuj\u0105cych w ramach Programu Fundusze Europejskie na Pomoc \u017bywno\u015bciow\u0105 2021-2027 odb\u0119dzie si\u0119: Termin: 28.08.2024 r. \u2013 29.08.2024 r. Miejsce: Hala na placu targowym przy Urz\u0119dzie Gminy w Bejscach<\/p>\n","protected":false},"author":1,"featured_media":207,"comment_status":"closed","ping_status":"closed","sticky":false,"template":"","format":"standard","meta":{"footnotes":""},"categories":[5],"tags":[],"class_list":["post-240","post","type-post","status-publish","format-standard","has-post-thumbnail","hentry","category-aktualnosci"],"_links":{"self":[{"href":"https:\/\/gops.bejsce.eu\/gops\/index.php?rest_route=\/wp\/v2\/posts\/240","targetHints":{"allow":["GET"]}}],"collection":[{"href":"https:\/\/gops.bejsce.eu\/gops\/index.php?rest_route=\/wp\/v2\/posts"}],"about":[{"href":"https:\/\/gops.bejsce.eu\/gops\/index.php?rest_route=\/wp\/v2\/types\/post"}],"author":[{"embeddable":true,"href":"https:\/\/gops.bejsce.eu\/gops\/index.php?rest_route=\/wp\/v2\/users\/1"}],"replies":[{"embeddable":true,"href":"https:\/\/gops.bejsce.eu\/gops\/index.php?rest_route=%2Fwp%2Fv2%2Fcomments&post=240"}],"version-history":[{"count":3,"href":"https:\/\/gops.bejsce.eu\/gops\/index.php?rest_route=\/wp\/v2\/posts\/240\/revisions"}],"predecessor-version":[{"id":245,"href":"https:\/\/gops.bejsce.eu\/gops\/index.php?rest_route=\/wp\/v2\/posts\/240\/revisions\/245"}],"wp:featuredmedia":[{"embeddable":true,"href":"https:\/\/gops.bejsce.eu\/gops\/index.php?rest_route=\/wp\/v2\/media\/207"}],"wp:attachment":[{"href":"https:\/\/gops.bejsce.eu\/gops\/index.php?rest_route=%2Fwp%2Fv2%2Fmedia&parent=240"}],"wp:term":[{"taxonomy":"category","embeddable":true,"href":"https:\/\/gops.bejsce.eu\/gops\/index.php?rest_route=%2Fwp%2Fv2%2Fcategories&post=240"},{"taxonomy":"post_tag","embeddable":true,"href":"https:\/\/gops.bejsce.eu\/gops\/index.php?rest_route=%2Fwp%2Fv2%2Ftags&post=240"}],"curies":[{"name":"wp","href":"https:\/\/api.w.org\/{rel}","templated":true}]}}