{"id":226,"date":"2024-02-26T08:48:26","date_gmt":"2024-02-26T07:48:26","guid":{"rendered":"https:\/\/gops.bejsce.eu\/gops\/?p=226"},"modified":"2024-02-26T08:48:26","modified_gmt":"2024-02-26T07:48:26","slug":"nowy-termin-skladania-wnioskow-z-programu-pomoc-zywnosciowa-2021-2027","status":"publish","type":"post","link":"https:\/\/gops.bejsce.eu\/gops\/?p=226","title":{"rendered":"Nowy termin sk\u0142adania wniosk\u00f3w z Programu Pomoc \u017bywno\u015bciowa 2021-2027"},"content":{"rendered":"<h4 style=\"text-align: justify;\">Gminny O\u015brodek Pomocy Spo\u0142ecznej w Bejscach uprzejmie informuje, \u017ce w zwi\u0105zku ze zmian\u0105 kryterium dochodowego uprawniaj\u0105cego do obj\u0119cia pomoc\u0105 w ramach programu operacyjnego \u201eFundusze Europejskie na Pomoc \u017bywno\u015bciow\u0105 2021 &#8211; 2027&#8243;, Podprogram 2023 Pomoc\u0105 \u017cywno\u015bciow\u0105 w Programie termin sk\u0142adania wniosk\u00f3w zostaje <strong><u>wyd\u0142u\u017cony do 22 marca 2024r. <\/u><\/strong><\/h4>\n<h4 style=\"text-align: justify;\">Nowe kryteria dochodowe uprawniaj\u0105ce do korzystania z pomocy \u017cywno\u015bciowej w ramach Programu Fundusze Europejskie na Pomoc \u017bywno\u015bciow\u0105 2021-2027 (FEP\u017b) 2021-2027 wsp\u00f3\u0142finansowanego\u00a0 z Europejskiego Funduszu Spo\u0142ecznego Plus \u2013 Podprogram 2023 stanowi\u0105 265% kryterium ustawowego uprawniaj\u0105cego do \u015bwiadcze\u0144 w pomocy spo\u0142ecznej i wynosz\u0105 odpowiednio:<\/h4>\n<h4 style=\"text-align: justify;\"><strong>dla osoby samotnie gospodaruj\u0105cej &#8211; 2 056,40 z\u0142<\/strong><\/h4>\n<h4 style=\"text-align: justify;\"><strong>dla osoby w rodzinie &#8211; 1 590 z\u0142<\/strong><\/h4>\n<h4 style=\"text-align: justify;\">Doch\u00f3d liczony jest z miesi\u0105ca poprzedzaj\u0105cego miesi\u0105c z\u0142o\u017cenia wniosku.<\/h4>\n<h4 style=\"text-align: justify;\">Do dochodu nale\u017cy poda\u0107 wszystkie dochody uzyskane w miesi\u0105cu poprzedzaj\u0105cym miesi\u0105c z\u0142o\u017cenia wniosku np.:<\/h4>\n<h4 style=\"text-align: justify;\">&#8211; wynagrodzenie za prac\u0119 netto ( za\u015bwiadczenie)<\/h4>\n<h4 style=\"text-align: justify;\">&#8211; doch\u00f3d z gospodarstwa rolnego (nakaz p\u0142atniczy)<\/h4>\n<h4 style=\"text-align: justify;\">&#8211; \u015bwiadczenia rodzinne ( zasi\u0142ki rodzinne, zasi\u0142ki piel\u0119gnacyjne, \u015bwiadczenia piel\u0119gnacyjne)<\/h4>\n<h4 style=\"text-align: justify;\">&#8211; alimenty b\u0105d\u017a fundusz alimentacyjny<\/h4>\n<h4 style=\"text-align: justify;\">&#8211; emerytury, renty ( odcinek b\u0105d\u017a decyzja o przyznaniu \u015bwiadczenia)<\/h4>\n<h4 style=\"text-align: justify;\">&#8211; zasi\u0142ki chorobowe z KRUS ( za\u015bwiadczenie )<\/h4>\n<h4 style=\"text-align: justify;\"><\/h4>\n","protected":false},"excerpt":{"rendered":"<p>Gminny O\u015brodek Pomocy Spo\u0142ecznej w Bejscach uprzejmie informuje, \u017ce w zwi\u0105zku ze zmian\u0105 kryterium dochodowego uprawniaj\u0105cego do obj\u0119cia pomoc\u0105 w ramach programu operacyjnego \u201eFundusze Europejskie na Pomoc \u017bywno\u015bciow\u0105 2021 &#8211; 2027&#8243;, Podprogram 2023 Pomoc\u0105 \u017cywno\u015bciow\u0105 w Programie termin sk\u0142adania wniosk\u00f3w zostaje wyd\u0142u\u017cony do 22 marca 2024r. Nowe kryteria dochodowe uprawniaj\u0105ce do korzystania z pomocy \u017cywno\u015bciowej [&hellip;]<\/p>\n","protected":false},"author":1,"featured_media":228,"comment_status":"closed","ping_status":"closed","sticky":false,"template":"","format":"standard","meta":{"footnotes":""},"categories":[5],"tags":[],"class_list":["post-226","post","type-post","status-publish","format-standard","has-post-thumbnail","hentry","category-aktualnosci"],"_links":{"self":[{"href":"https:\/\/gops.bejsce.eu\/gops\/index.php?rest_route=\/wp\/v2\/posts\/226","targetHints":{"allow":["GET"]}}],"collection":[{"href":"https:\/\/gops.bejsce.eu\/gops\/index.php?rest_route=\/wp\/v2\/posts"}],"about":[{"href":"https:\/\/gops.bejsce.eu\/gops\/index.php?rest_route=\/wp\/v2\/types\/post"}],"author":[{"embeddable":true,"href":"https:\/\/gops.bejsce.eu\/gops\/index.php?rest_route=\/wp\/v2\/users\/1"}],"replies":[{"embeddable":true,"href":"https:\/\/gops.bejsce.eu\/gops\/index.php?rest_route=%2Fwp%2Fv2%2Fcomments&post=226"}],"version-history":[{"count":1,"href":"https:\/\/gops.bejsce.eu\/gops\/index.php?rest_route=\/wp\/v2\/posts\/226\/revisions"}],"predecessor-version":[{"id":227,"href":"https:\/\/gops.bejsce.eu\/gops\/index.php?rest_route=\/wp\/v2\/posts\/226\/revisions\/227"}],"wp:featuredmedia":[{"embeddable":true,"href":"https:\/\/gops.bejsce.eu\/gops\/index.php?rest_route=\/wp\/v2\/media\/228"}],"wp:attachment":[{"href":"https:\/\/gops.bejsce.eu\/gops\/index.php?rest_route=%2Fwp%2Fv2%2Fmedia&parent=226"}],"wp:term":[{"taxonomy":"category","embeddable":true,"href":"https:\/\/gops.bejsce.eu\/gops\/index.php?rest_route=%2Fwp%2Fv2%2Fcategories&post=226"},{"taxonomy":"post_tag","embeddable":true,"href":"https:\/\/gops.bejsce.eu\/gops\/index.php?rest_route=%2Fwp%2Fv2%2Ftags&post=226"}],"curies":[{"name":"wp","href":"https:\/\/api.w.org\/{rel}","templated":true}]}}