{"id":220,"date":"2024-01-24T11:33:18","date_gmt":"2024-01-24T10:33:18","guid":{"rendered":"https:\/\/gops.bejsce.eu\/gops\/?p=220"},"modified":"2024-01-24T11:33:18","modified_gmt":"2024-01-24T10:33:18","slug":"informacja-o-dodatku-oslonowym-na-2024-rok","status":"publish","type":"post","link":"https:\/\/gops.bejsce.eu\/gops\/?p=220","title":{"rendered":"Informacja o dodatku os\u0142onowym na 2024 rok"},"content":{"rendered":"<h4 style=\"text-align: justify;\"><strong>Gminny O\u015brodek Pomocy Spo\u0142ecznej w Bejscach<\/strong> informuje, \u017ce w zwi\u0105zku z opublikowaniem przez Ministerstwo Klimatu wzoru wniosku o dodatek os\u0142onowy, od dnia 22 stycznia 2024 roku w siedzibie O\u015brodka Pomocy Spo\u0142ecznej w Bejscach \u00a0(I pi\u0119tro, pok. 11, 12, 13) przyjmowane od os\u00f3b uprawnionych s\u0105 wnioski o przyznanie dodatku os\u0142onowego.<\/h4>\n<h4 style=\"text-align: justify;\">Druk wniosku mo\u017cna pobra\u0107 w siedzibie Gminnego O\u015brodka Pomocy Spo\u0142ecznej w Bejscach lub ze strony \u00a0<a href=\"https:\/\/g.infor.pl\/...\/wzor-wniosku-o-dodatek-oslonowy...\">https:\/\/g.infor.pl\/&#8230;\/wzor-wniosku-o-dodatek-oslonowy&#8230;<\/a><\/h4>\n<h4 style=\"text-align: justify;\">Wniosek mo\u017cna r\u00f3wnie\u017c z\u0142o\u017cy\u0107 przez Internet (ePUAP, profil zaufany) \u2013 taki wniosek musi by\u0107 opatrzony podpisem elektronicznym b\u0105d\u017a uwierzytelniony profilem zaufanym.<\/h4>\n<h4 style=\"text-align: justify;\">Dodatek ma na celu wsparcie \u201eos\u00f3b najubo\u017cszych w celu eliminacji zjawiska ub\u00f3stwa i wykluczenia energetycznego\u201d, dlatego przewidziano kryterium dochodowe.<\/h4>\n<h4 style=\"text-align: justify;\"><\/h4>\n<h4 style=\"text-align: justify;\">Wnioski o wyp\u0142at\u0119 dodatku os\u0142onowego sk\u0142ada si\u0119 do 30 kwietnia 2024 r. Wnioski z\u0142o\u017cone po dniu 30 kwietnia 2024 r. pozostawia si\u0119 bez rozpoznania.<\/h4>\n<h4 style=\"text-align: justify;\"><\/h4>\n<h4 style=\"text-align: justify;\">Dodatek os\u0142onowy b\u0119dzie przys\u0142ugiwa\u0142 za okres od dnia 1 stycznia 2024 r. do dnia 30 czerwca 2024 r. i b\u0119dzie wyp\u0142acany jednorazowo w terminie do dnia 30 czerwca 2024 r.<\/h4>\n<h4 style=\"text-align: justify;\">Wysoko\u015b\u0107 przeci\u0119tnego miesi\u0119cznego dochodu w gospodarstwie domowym ustalana b\u0119dzie na podstawie dochod\u00f3w osi\u0105gni\u0119tych w <strong>2022 roku<\/strong>.<\/h4>\n<h4 style=\"text-align: justify;\"><\/h4>\n<h4 style=\"text-align: justify;\">Dodatek os\u0142onowy przys\u0142uguje:<\/h4>\n<ol style=\"text-align: justify;\">\n<li>\n<h4><strong>osobie w gospodarstwie domowym jednoosobowym, w kt\u00f3rym wysoko\u015b\u0107 przeci\u0119tnego miesi\u0119cznego dochodu nie przekracza kwoty 2100 z\u0142,<\/strong><\/h4>\n<\/li>\n<li>\n<h4><strong>osobie w gospodarstwie domowym wieloosobowym, w kt\u00f3rym wysoko\u015b\u0107 przeci\u0119tnego miesi\u0119cznego dochodu nie przekracza kwoty 1500 z\u0142 na osob\u0119<\/strong>.<\/h4>\n<\/li>\n<\/ol>\n<h4 style=\"text-align: justify;\"><\/h4>\n<h4 style=\"text-align: justify;\">Do obliczenia dochodu nie uwzgl\u0119dnia si\u0119 trzynastej i czternastej emerytury.<\/h4>\n<h4 style=\"text-align: justify;\">W sytuacji, gdy doch\u00f3d przekracza wskazane powy\u017cej kryteria, dodatek b\u0119dzie przyznany w mniejszej wysoko\u015bci zgodnie z zasad\u0105 \u201ez\u0142ot\u00f3wka za z\u0142ot\u00f3wk\u0119\u201d, z dolnym limitem wyp\u0142aty dodatku w wysoko\u015bci 20 z\u0142.<\/h4>\n<h4 style=\"text-align: justify;\"><\/h4>\n<h4 style=\"text-align: justify;\">Dodatek os\u0142onowy w 2024 r. wynosi:<\/h4>\n<h4 style=\"text-align: justify;\"><\/h4>\n<h4 style=\"text-align: justify;\">228,80 z\u0142 dla gospodarstwa domowego jednoosobowego,<\/h4>\n<h4 style=\"text-align: justify;\">343,20 z\u0142 dla gospodarstwa domowego sk\u0142adaj\u0105cego si\u0119 z 2 do 3 os\u00f3b,<\/h4>\n<h4 style=\"text-align: justify;\">486,20 z\u0142 dla gospodarstwa domowego sk\u0142adaj\u0105cego si\u0119 z 4 do 5 os\u00f3b,<\/h4>\n<h4 style=\"text-align: justify;\">657,80 z\u0142 dla gospodarstwa domowego sk\u0142adaj\u0105cego si\u0119 z co najmniej 6 os\u00f3b.<\/h4>\n<h4 style=\"text-align: justify;\"><\/h4>\n<h4 style=\"text-align: justify;\">Pieni\u0105dze z dodatku mo\u017cna wyda\u0107 na dowolny cel. Nie ma \u017cadnego ustawowego celu ich spo\u017cytkowania.<\/h4>\n<h4 style=\"text-align: justify;\"><\/h4>\n<h4 style=\"text-align: justify;\">Przepisy przewiduj\u0105 tak\u017ce podwy\u017cszony dodatek os\u0142onowy przys\u0142uguj\u0105cy osobom opalaj\u0105cym domy w\u0119glem:<\/h4>\n<h4 style=\"text-align: justify;\"><\/h4>\n<h4 style=\"text-align: justify;\">286,00 z\u0142 dla gospodarstwa domowego jednoosobowego,<\/h4>\n<h4 style=\"text-align: justify;\">429,00 z\u0142 dla gospodarstwa domowego sk\u0142adaj\u0105cego si\u0119 z 2 do 3 os\u00f3b,<\/h4>\n<h4 style=\"text-align: justify;\">607,75 z\u0142 dla gospodarstwa domowego sk\u0142adaj\u0105cego si\u0119 z 4 do 5 os\u00f3b,<\/h4>\n<h4 style=\"text-align: justify;\">822,25 z\u0142 dla gospodarstwa domowego sk\u0142adaj\u0105cego si\u0119 z co najmniej 6 os\u00f3b.<\/h4>\n<h4 style=\"text-align: justify;\"><\/h4>\n<h4 style=\"text-align: justify;\"><\/h4>\n<h4 style=\"text-align: justify;\"><strong>Dodatek podwy\u017cszony przys\u0142uguje osobom opalaj\u0105cym domy w\u0119glem \u2013 zg\u0142oszone do Centralnej Ewidencji Emisyjno\u015bci Budynk\u00f3w.<\/strong><\/h4>\n<h4 style=\"text-align: justify;\">Kto wchodzi w sk\u0142ad gospodarstwa domowego?<\/h4>\n<h4 style=\"text-align: justify;\"><strong>Gospodarstwo domowe tworz\u0105: osoba fizyczna samotnie zamieszkuj\u0105ca i gospodaruj\u0105ca (gospodarstwo domowe jednoosobowe), albo osoba fizyczna, oraz osoby z ni\u0105 spokrewnione lub niespokrewnione pozostaj\u0105ce w faktycznym zwi\u0105zku, wsp\u00f3lnie z ni\u0105 zamieszkuj\u0105ce i gospodaruj\u0105ce (gospodarstwo domowe wieloosobowe).<\/strong><\/h4>\n<h4 style=\"text-align: justify;\">Przyznanie dodatku os\u0142onowego nie wymaga wydania decyzji, a jedynie informacji, kt\u00f3r\u0105 b\u0119dzie mo\u017cna odebra\u0107 w Gminnym O\u015brodku Pomocy Spo\u0142ecznej w Bejscach.<\/h4>\n<h4 style=\"text-align: justify;\">Odmowa przyznania dodatku os\u0142onowego, uchylenie lub zmiana prawa do tego dodatku oraz rozstrzygni\u0119cie w sprawie nienale\u017cnie pobranego dodatku os\u0142onowego wymagaj\u0105 wydania decyzji.<\/h4>\n<h4 style=\"text-align: justify;\">Nieodebranie informacji o przyznaniu dodatku os\u0142onowego nie wstrzymuje wyp\u0142aty tego dodatku.<\/h4>\n<h4 style=\"text-align: justify;\"><strong>Informacje przedstawione we wniosku o wyp\u0142at\u0119 dodatku os\u0142onowego sk\u0142ada si\u0119 pod rygorem odpowiedzialno\u015bci karnej za sk\u0142adanie fa\u0142szywych zezna\u0144.<\/strong><\/h4>\n<h4 style=\"text-align: justify;\"><strong>\u00a0<\/strong><\/h4>\n<h4 style=\"text-align: justify;\">Wi\u0119cej informacji mo\u017cna uzyska\u0107 kontaktuj\u0105c si\u0119 Gminnym O\u015brodkiem Pomocy Spo\u0142ecznej w Bejscach \u00a0pod nr tel. 35 11 010 \u00a0wew. 38 lub 26.<\/h4>\n<h4 style=\"text-align: justify;\"><\/h4>\n","protected":false},"excerpt":{"rendered":"<p>Gminny O\u015brodek Pomocy Spo\u0142ecznej w Bejscach informuje, \u017ce w zwi\u0105zku z opublikowaniem przez Ministerstwo Klimatu wzoru wniosku o dodatek os\u0142onowy, od dnia 22 stycznia 2024 roku w siedzibie O\u015brodka Pomocy Spo\u0142ecznej w Bejscach \u00a0(I pi\u0119tro, pok. 11, 12, 13) przyjmowane od os\u00f3b uprawnionych s\u0105 wnioski o przyznanie dodatku os\u0142onowego. Druk wniosku mo\u017cna pobra\u0107 w siedzibie [&hellip;]<\/p>\n","protected":false},"author":1,"featured_media":222,"comment_status":"closed","ping_status":"closed","sticky":false,"template":"","format":"standard","meta":{"footnotes":""},"categories":[5],"tags":[],"class_list":["post-220","post","type-post","status-publish","format-standard","has-post-thumbnail","hentry","category-aktualnosci"],"_links":{"self":[{"href":"https:\/\/gops.bejsce.eu\/gops\/index.php?rest_route=\/wp\/v2\/posts\/220","targetHints":{"allow":["GET"]}}],"collection":[{"href":"https:\/\/gops.bejsce.eu\/gops\/index.php?rest_route=\/wp\/v2\/posts"}],"about":[{"href":"https:\/\/gops.bejsce.eu\/gops\/index.php?rest_route=\/wp\/v2\/types\/post"}],"author":[{"embeddable":true,"href":"https:\/\/gops.bejsce.eu\/gops\/index.php?rest_route=\/wp\/v2\/users\/1"}],"replies":[{"embeddable":true,"href":"https:\/\/gops.bejsce.eu\/gops\/index.php?rest_route=%2Fwp%2Fv2%2Fcomments&post=220"}],"version-history":[{"count":2,"href":"https:\/\/gops.bejsce.eu\/gops\/index.php?rest_route=\/wp\/v2\/posts\/220\/revisions"}],"predecessor-version":[{"id":223,"href":"https:\/\/gops.bejsce.eu\/gops\/index.php?rest_route=\/wp\/v2\/posts\/220\/revisions\/223"}],"wp:featuredmedia":[{"embeddable":true,"href":"https:\/\/gops.bejsce.eu\/gops\/index.php?rest_route=\/wp\/v2\/media\/222"}],"wp:attachment":[{"href":"https:\/\/gops.bejsce.eu\/gops\/index.php?rest_route=%2Fwp%2Fv2%2Fmedia&parent=220"}],"wp:term":[{"taxonomy":"category","embeddable":true,"href":"https:\/\/gops.bejsce.eu\/gops\/index.php?rest_route=%2Fwp%2Fv2%2Fcategories&post=220"},{"taxonomy":"post_tag","embeddable":true,"href":"https:\/\/gops.bejsce.eu\/gops\/index.php?rest_route=%2Fwp%2Fv2%2Ftags&post=220"}],"curies":[{"name":"wp","href":"https:\/\/api.w.org\/{rel}","templated":true}]}}