{"id":181,"date":"2023-08-01T08:12:19","date_gmt":"2023-08-01T06:12:19","guid":{"rendered":"http:\/\/wordpress2213679.home.pl\/gops1\/?p=181"},"modified":"2023-08-03T09:11:30","modified_gmt":"2023-08-03T07:11:30","slug":"posilek-w-szkole-i-w-domu","status":"publish","type":"post","link":"https:\/\/gops.bejsce.eu\/gops\/?p=181","title":{"rendered":"Posi\u0142ek w szkole i w domu"},"content":{"rendered":"<h4>Gminny O\u015brodek Pomocy Spo\u0142ecznego w Bejscach uprzejmie informuje, \u017ce od dnia 01.08.2023 roku b\u0119d\u0105 przyjmowane wnioski o obj\u0119cie dzieci bezp\u0142atnym do\u017cywianiem w szko\u0142ach na terenie Gminy Bejsce w ramach programu \u201ePosi\u0142ek w szkole i w domu\u201d w okresie od wrze\u015bnia 2023 roku do grudnia 2023 roku.<\/h4>\n","protected":false},"excerpt":{"rendered":"<p>Gminny O\u015brodek Pomocy Spo\u0142ecznego w Bejscach uprzejmie informuje, \u017ce od dnia 01.08.2023 roku b\u0119d\u0105 przyjmowane wnioski o obj\u0119cie dzieci bezp\u0142atnym do\u017cywianiem w szko\u0142ach na terenie Gminy Bejsce w ramach programu \u201ePosi\u0142ek w szkole i w domu\u201d w okresie od wrze\u015bnia 2023 roku do grudnia 2023 roku.<\/p>\n","protected":false},"author":1,"featured_media":91,"comment_status":"closed","ping_status":"closed","sticky":false,"template":"","format":"standard","meta":{"footnotes":""},"categories":[5],"tags":[],"class_list":["post-181","post","type-post","status-publish","format-standard","has-post-thumbnail","hentry","category-aktualnosci"],"_links":{"self":[{"href":"https:\/\/gops.bejsce.eu\/gops\/index.php?rest_route=\/wp\/v2\/posts\/181","targetHints":{"allow":["GET"]}}],"collection":[{"href":"https:\/\/gops.bejsce.eu\/gops\/index.php?rest_route=\/wp\/v2\/posts"}],"about":[{"href":"https:\/\/gops.bejsce.eu\/gops\/index.php?rest_route=\/wp\/v2\/types\/post"}],"author":[{"embeddable":true,"href":"https:\/\/gops.bejsce.eu\/gops\/index.php?rest_route=\/wp\/v2\/users\/1"}],"replies":[{"embeddable":true,"href":"https:\/\/gops.bejsce.eu\/gops\/index.php?rest_route=%2Fwp%2Fv2%2Fcomments&post=181"}],"version-history":[{"count":1,"href":"https:\/\/gops.bejsce.eu\/gops\/index.php?rest_route=\/wp\/v2\/posts\/181\/revisions"}],"predecessor-version":[{"id":182,"href":"https:\/\/gops.bejsce.eu\/gops\/index.php?rest_route=\/wp\/v2\/posts\/181\/revisions\/182"}],"wp:featuredmedia":[{"embeddable":true,"href":"https:\/\/gops.bejsce.eu\/gops\/index.php?rest_route=\/wp\/v2\/media\/91"}],"wp:attachment":[{"href":"https:\/\/gops.bejsce.eu\/gops\/index.php?rest_route=%2Fwp%2Fv2%2Fmedia&parent=181"}],"wp:term":[{"taxonomy":"category","embeddable":true,"href":"https:\/\/gops.bejsce.eu\/gops\/index.php?rest_route=%2Fwp%2Fv2%2Fcategories&post=181"},{"taxonomy":"post_tag","embeddable":true,"href":"https:\/\/gops.bejsce.eu\/gops\/index.php?rest_route=%2Fwp%2Fv2%2Ftags&post=181"}],"curies":[{"name":"wp","href":"https:\/\/api.w.org\/{rel}","templated":true}]}}