{"id":176,"date":"2023-06-29T12:35:34","date_gmt":"2023-06-29T10:35:34","guid":{"rendered":"http:\/\/wordpress2213679.home.pl\/gops1\/?p=176"},"modified":"2023-06-29T12:35:34","modified_gmt":"2023-06-29T10:35:34","slug":"nieodplatna-pomoc-prawna-projekt","status":"publish","type":"post","link":"https:\/\/gops.bejsce.eu\/gops\/?p=176","title":{"rendered":"Nieodp\u0142atna pomoc prawna &#8211; projekt"},"content":{"rendered":"<h4 class=\"v1MsoNormal\" style=\"text-align: justify;\">Stowarzyszenie Sursum Corda\u00a0<strong>realizuje projekt powierzony przez\u00a0POWIAT KAZIMIERSKI,\u00a0w ramach kt\u00f3rego prowadzimy nieodp\u0142atn\u0105 pomoc prawn\u0105, nieodp\u0142atne\u00a0poradnictwo obywatelskie oraz nieodp\u0142atne mediacje.<br \/>\n<\/strong><\/h4>\n<h4 class=\"v1MsoNormal\" style=\"text-align: justify;\">Celem projektu jest zapewnienie r\u00f3wnego dost\u0119pu do nieodp\u0142atnej pomocy prawnej na etapie przeds\u0105dowym oraz wsparcie mieszka\u0144c\u00f3w w poradzeniu sobie z r\u00f3\u017cnymi, trudnymi sytuacjami \u017cyciowymi i formalnymi &#8211; przy wsparciu prawnik\u00f3w, doradc\u00f3w obywatelskich i mediator\u00f3w.<\/h4>\n<p>Opr\u00f3cz \u015bwiadczenia indywidualnej, darmowej pomocy &#8211; prowadzimy tak\u017ce\u00a0<strong>EDUKACJ\u0118 PRAWN\u0104<\/strong>, kt\u00f3ra zmierza do zwi\u0119kszania \u015bwiadomo\u015bci prawnej spo\u0142ecze\u0144stwa.<br \/>\nDlatego te\u017c \u2013\u00a0<strong>zwracamy si\u0119 z pro\u015bb\u0105 o umieszczenie\u00a0DARMOWYCH MATERIA\u0141\u00d3W EDUKACYJNYCH\u00a0(wyprodukowanych w II kwartale 2023 r.) &#8211; na Pa\u0144stwa stronie internetowej, serwisach spo\u0142eczno\u015bciowych i tym podobnych kana\u0142ach komunikacji, tak by trafi\u0142y do mo\u017cliwie najwi\u0119kszej liczby mieszka\u0144c\u00f3w.\u00a0<\/strong><u>Materia\u0142y s\u0105 dost\u0119pne do pobrania na dedykowanej dla<strong>\u00a0<a href=\"https:\/\/www.sc.org.pl\/co-robimy\/nieodplatna-pomoc-prawna\/nasze-punkty-pomocy\/powiat-kazimierski-2023\/\" target=\"_blank\" rel=\"noopener noreferrer\">Powiatu Kazimierskiego podstronie projektowej.<\/a><\/strong><\/u><\/p>\n<p><u>W\u015br\u00f3d darmowych materia\u0142\u00f3w edukacyjnych wyprodukowanych w II kwartale 2023 r. znajd\u0105 Pa\u0144stwo m.in.:<\/u><br \/>\n<strong>&#8211; Kwartalnik m\u0142odzie\u017cowy \u201eZ Paragrafem na Ty\u201d (\u201ePodejmowanie pracy sezonowej\u201d),<\/strong><\/p>\n<h4 class=\"v1MsoNormal\" style=\"text-align: justify;\"><strong>&#8211; Artyku\u0142y prawne (m.in.: \u201e\u015awiadczenia niepieni\u0119\u017cne z opieki spo\u0142ecznej\u201d, \u201eObowi\u0105zek szkolny \u2013 o czym powinni pami\u0119ta\u0107 rodzice?\u201d),<br \/>\n&#8211; S\u0142uchowiska prawne\/podcasty (\u201ePoj\u0119cia prawnicze, kt\u00f3re warto zna\u0107 \u2013 zw\u0142oka a op\u00f3\u017anienie, umowa zlecenie a umowa o dzie\u0142o, wypowiedzenie a odst\u0105pienie od umowy\u201d, \u201eCzym r\u00f3\u017cni si\u0119 rozw\u00f3d od separacji\u201d),<\/strong><\/h4>\n<h4 class=\"v1MsoNormal\" style=\"text-align: justify;\"><strong>&#8211; Poradniki prawne (\u201eNabycie i zbycie pojazdu \u2013 o czym nale\u017cy pami\u0119ta\u0107\u201d, \u015awiadczenia rodzinne\u201d, \u201eE-dow\u00f3d, profil zaufany, podpis kwalifikowany\u201d, \u201eDziedziczenie \u2013 rodzaje i tryby\u201d),<\/strong><\/h4>\n<h4 class=\"v1MsoNormal\" style=\"text-align: justify;\"><strong>&#8211; Informator dla cudzoziemc\u00f3w (w 4 wersjach j\u0119zykowych: polskim, angielskim, niemieckim i ukrai\u0144skim).<\/strong><\/h4>\n<h4 class=\"v1MsoNormal\" style=\"text-align: justify;\"><strong>Na stronie znajd\u0105 Pa\u0144stwo r\u00f3wnie\u017c<\/strong>\u00a0<strong>szczeg\u00f3\u0142owe informacje o zakresie i zasadach korzystania z nieodp\u0142atnej pomocy<\/strong>,\u00a0<strong>wraz z ulotk\u0105 i plakatem promocyjnym.<\/strong><\/h4>\n<h4 class=\"v1MsoNormal\" style=\"text-align: justify;\"><strong>Ponadto zach\u0119camy do \u015bledzenia<\/strong><strong>\u00a0<\/strong>&#8211;\u00a0<strong>nas na\u00a0<a href=\"https:\/\/www.facebook.com\/pomocprawna.sursumcorda\" target=\"_blank\" rel=\"noopener noreferrer\">Facebooku<\/a>,\u00a0<a href=\"https:\/\/www.instagram.com\/edukacja_prawna_sursum_corda\/\" target=\"_blank\" rel=\"noopener noreferrer\">Instagramie<\/a>\u00a0i\u00a0<a href=\"https:\/\/www.tiktok.com\/@edukacjaprawna\" target=\"_blank\" rel=\"noopener noreferrer\">TikToku<\/a>,<\/strong>\u00a0gdzie publikujemy m.in. informacje dotycz\u0105ce dost\u0119pu do systemu nieodp\u0142atnych \u015bwiadcze\u0144, a tak\u017ce posty o zakresie i zasadach udzielania porad oraz prawne zagadnienia tematyczne, w tym w obszarze praw i obowi\u0105zk\u00f3w obywatelskich, dzia\u0142alno\u015bci krajowych i mi\u0119dzynarodowych organ\u00f3w ochrony prawnej, mediacji oraz sposob\u00f3w polubownego rozwi\u0105zywania spor\u00f3w, a tak\u017ce mo\u017cliwo\u015bci udzia\u0142u obywateli w konsultacjach publicznych oraz procesie stanowienia prawa.<\/h4>\n<h4 style=\"text-align: justify;\"><\/h4>\n","protected":false},"excerpt":{"rendered":"<p>Stowarzyszenie Sursum Corda\u00a0realizuje projekt powierzony przez\u00a0POWIAT KAZIMIERSKI,\u00a0w ramach kt\u00f3rego prowadzimy nieodp\u0142atn\u0105 pomoc prawn\u0105, nieodp\u0142atne\u00a0poradnictwo obywatelskie oraz nieodp\u0142atne mediacje. Celem projektu jest zapewnienie r\u00f3wnego dost\u0119pu do nieodp\u0142atnej pomocy prawnej na etapie przeds\u0105dowym oraz wsparcie mieszka\u0144c\u00f3w w poradzeniu sobie z r\u00f3\u017cnymi, trudnymi sytuacjami \u017cyciowymi i formalnymi &#8211; przy wsparciu prawnik\u00f3w, doradc\u00f3w obywatelskich i mediator\u00f3w. Opr\u00f3cz \u015bwiadczenia indywidualnej, [&hellip;]<\/p>\n","protected":false},"author":1,"featured_media":178,"comment_status":"closed","ping_status":"closed","sticky":false,"template":"","format":"standard","meta":{"footnotes":""},"categories":[5],"tags":[],"class_list":["post-176","post","type-post","status-publish","format-standard","has-post-thumbnail","hentry","category-aktualnosci"],"_links":{"self":[{"href":"https:\/\/gops.bejsce.eu\/gops\/index.php?rest_route=\/wp\/v2\/posts\/176","targetHints":{"allow":["GET"]}}],"collection":[{"href":"https:\/\/gops.bejsce.eu\/gops\/index.php?rest_route=\/wp\/v2\/posts"}],"about":[{"href":"https:\/\/gops.bejsce.eu\/gops\/index.php?rest_route=\/wp\/v2\/types\/post"}],"author":[{"embeddable":true,"href":"https:\/\/gops.bejsce.eu\/gops\/index.php?rest_route=\/wp\/v2\/users\/1"}],"replies":[{"embeddable":true,"href":"https:\/\/gops.bejsce.eu\/gops\/index.php?rest_route=%2Fwp%2Fv2%2Fcomments&post=176"}],"version-history":[{"count":2,"href":"https:\/\/gops.bejsce.eu\/gops\/index.php?rest_route=\/wp\/v2\/posts\/176\/revisions"}],"predecessor-version":[{"id":179,"href":"https:\/\/gops.bejsce.eu\/gops\/index.php?rest_route=\/wp\/v2\/posts\/176\/revisions\/179"}],"wp:featuredmedia":[{"embeddable":true,"href":"https:\/\/gops.bejsce.eu\/gops\/index.php?rest_route=\/wp\/v2\/media\/178"}],"wp:attachment":[{"href":"https:\/\/gops.bejsce.eu\/gops\/index.php?rest_route=%2Fwp%2Fv2%2Fmedia&parent=176"}],"wp:term":[{"taxonomy":"category","embeddable":true,"href":"https:\/\/gops.bejsce.eu\/gops\/index.php?rest_route=%2Fwp%2Fv2%2Fcategories&post=176"},{"taxonomy":"post_tag","embeddable":true,"href":"https:\/\/gops.bejsce.eu\/gops\/index.php?rest_route=%2Fwp%2Fv2%2Ftags&post=176"}],"curies":[{"name":"wp","href":"https:\/\/api.w.org\/{rel}","templated":true}]}}