{"id":169,"date":"2023-05-31T09:26:36","date_gmt":"2023-05-31T07:26:36","guid":{"rendered":"http:\/\/wordpress2213679.home.pl\/gops1\/?p=169"},"modified":"2023-05-31T09:26:36","modified_gmt":"2023-05-31T07:26:36","slug":"program-operacyjny-pomoc-zywnosciowa-2014-2020-2","status":"publish","type":"post","link":"https:\/\/gops.bejsce.eu\/gops\/?p=169","title":{"rendered":"Program Operacyjny Pomoc \u017bywno\u015bciowa 2014-2020"},"content":{"rendered":"<h4><img fetchpriority=\"high\" decoding=\"async\" class=\"size-full wp-image-171 aligncenter\" src=\"http:\/\/wordpress2213679.home.pl\/gops1\/wp-content\/uploads\/2023\/05\/Logo.png\" alt=\"\" width=\"1407\" height=\"178\" srcset=\"https:\/\/gops.bejsce.eu\/gops\/wp-content\/uploads\/2023\/05\/Logo.png 1407w, https:\/\/gops.bejsce.eu\/gops\/wp-content\/uploads\/2023\/05\/Logo-300x38.png 300w, https:\/\/gops.bejsce.eu\/gops\/wp-content\/uploads\/2023\/05\/Logo-1024x130.png 1024w, https:\/\/gops.bejsce.eu\/gops\/wp-content\/uploads\/2023\/05\/Logo-768x97.png 768w\" sizes=\"(max-width: 1407px) 100vw, 1407px\" \/><\/h4>\n<h4 style=\"text-align: center;\"><strong>PROGRAM OPERACYJNY POMOC \u017bYWNO\u015aCIOWA 2014-2020<\/strong><\/h4>\n<h4 style=\"text-align: center;\"><strong>JEST WSP\u00d3\u0141FINANSOWANY Z EUROPEJSKIEGO FUNDUSZU POMOCY NAJBARDZIEJ POTRZEBUJ\u0104CYM<\/strong><\/h4>\n<h4 style=\"text-align: center;\"><strong>PODROGRAM 2021 Plus<\/strong><\/h4>\n<h4 style=\"text-align: justify;\"><strong>\u00a0<\/strong><\/h4>\n<h4 style=\"text-align: justify;\"><strong>CELEM PROGRAMU <\/strong>jest zapewnienie najubo\u017cszym mieszka\u0144com Polski pomocy \u017cywno\u015bciowej oraz uczestnictwa w dzia\u0142aniach w ramach \u015brodk\u00f3w towarzysz\u0105cych w okresie luty 2023\u00a0 \u2013 sierpie\u0144 2022,\u00a0 a jej celami szczeg\u00f3\u0142owymi s\u0105:<\/h4>\n<ol style=\"text-align: justify;\">\n<li>\n<h4>organizacja i koordynacja sieci dystrybucji pomocy \u017cywno\u015bciowej sk\u0142adaj\u0105cej si\u0119 z organizacji partnerskich lokalnych, zwanych dalej <strong>OPL<\/strong>, zgodnie z zasadami PO P\u017b,<\/h4>\n<\/li>\n<li>\n<h4>racjonalne zagospodarowanie artyku\u0142\u00f3w spo\u017cywczych otrzymanych z OPO oraz z innych \u017ar\u00f3de\u0142, na potrzeby udzielania pomocy \u017cywno\u015bciowej osobom najbardziej potrzebuj\u0105cym,<\/h4>\n<\/li>\n<li>\n<h4>przekazanie artyku\u0142\u00f3w spo\u017cywczych osobom zakwalifikowanym do otrzymania pomocy \u017cywno\u015bciowej zgodnie z zasadami POP\u017b,<\/h4>\n<\/li>\n<li>\n<h4>prowadzenie dzia\u0142a\u0144 w ramach \u015brodk\u00f3w towarzysz\u0105cych w\u015br\u00f3d os\u00f3b najbardziej potrzebuj\u0105cych zakwalifikowanych do obj\u0119cia pomoc\u0105 \u017cywno\u015bciow\u0105, maj\u0105cych na celu w\u0142\u0105czenie spo\u0142eczne.<\/h4>\n<\/li>\n<\/ol>\n<h4 style=\"text-align: justify;\"><strong>\u00a0<\/strong><\/h4>\n<h4 style=\"text-align: justify;\"><strong>OKRES DYSTRYBUCJI \u017bYWNO\u015aCI:\u00a0 <\/strong>luty 2023 \u2013 sierpie\u0144 2023<\/h4>\n<h4 style=\"text-align: justify;\">Pomoc \u017cywno\u015bciowa dystrybuowana jest przez <strong>Banki \u017bywno\u015bci w Kielcach <\/strong>do Organizacji Partnerskiej Lokalnej [OPL] <strong>na terenie wojew\u00f3dztwa \u015bwi\u0119tokrzyskiego\u00a0 <\/strong>kt\u00f3ra przekazuje \u017cywno\u015b\u0107 bezpo\u015brednio do os\u00f3b potrzebuj\u0105cych.<\/h4>\n<h4 style=\"text-align: justify;\"><\/h4>\n<h4 style=\"text-align: justify;\"><strong>KRYTERIA KWALIFIKOWALNO\u015aCI I SPOS\u00d3B KWALIFIKACJI:<\/strong><\/h4>\n<ol style=\"text-align: justify;\">\n<li>\n<h4>Pomoc w ramach POP\u017b kierowana jest do tych os\u00f3b i rodzin, kt\u00f3re z powodu niskich dochod\u00f3w nie mog\u0105 zapewni\u0107 sobie\/rodzinie odpowiednich produkt\u00f3w \u017cywno\u015bciowych (posi\u0142k\u00f3w) i dlatego te\u017c trafia\u0107 b\u0119dzie do ograniczonej liczby os\u00f3b znajduj\u0105cych si\u0119 w najtrudniejszej sytuacji \u017cyciowej (okre\u015blonej przes\u0142ankami z art. 7 ustawy o pomocy spo\u0142ecznej oraz poziomem dochod\u00f3w odniesionych do procentowej warto\u015bci odpowiedniego kryterium dochodowego okre\u015blonego w tej ustawie &#8211; kt\u00f3rych doch\u00f3d nie przekracza 220% kryterium dochodowego uprawniaj\u0105cego do skorzystania z pomocy spo\u0142ecznej, <strong> <u>1707,20 PLN dla osoby samotnie gospodaruj\u0105cej i 1320,00 PLN dla osoby w rodzinie<\/u><\/strong><strong>, <\/strong>stanowi\u0105c systematyczne wsparcie. Pomoc udzielana b\u0119dzie w postaci artyku\u0142\u00f3w spo\u017cywczych lub posi\u0142k\u00f3w, kt\u00f3re b\u0119d\u0105 przekazywane osobom najbardziej potrzebuj\u0105cym bezp\u0142atnie.<\/h4>\n<\/li>\n<li>\n<h4>Spos\u00f3b kwalifikacji:<a href=\"#_ftn1\" name=\"_ftnref1\">[1]<\/a><\/h4>\n<\/li>\n<\/ol>\n<ul style=\"text-align: justify;\">\n<li>\n<h4>OPS b\u0119d\u0105 wydawa\u0107 osobom potrzebuj\u0105cym skierowania do otrzymania pomocy \u017cywno\u015bciowej\u00a0 lub przekazywa\u0107 OPL listy os\u00f3b zakwalifikowanych do pomocy\u00a0 z POP\u017b, pod warunkiem uzyskania zgody tych os\u00f3b;<\/h4>\n<\/li>\n<li>\n<h4>OPL mog\u0105 w swoich siedzibach przyjmowa\u0107 o\u015bwiadczenia od os\u00f3b kwalifikuj\u0105cych si\u0119 do przyznania pomocy \u017cywno\u015bciowej [za\u0142\u0105cznik nr 5 do wytycznych]. O\u015bwiadczenia wraz z wype\u0142nionym skierowaniem\u00a0 przekazywane b\u0119d\u0105 do OPS, , kt\u00f3ry potwierdza do kwalifikowalno\u015b\u0107 do przyznania pomocy;<\/h4>\n<\/li>\n<li>\n<h4>OPL mog\u0105 samodzielnie kwalifikowa\u0107 wy\u0142\u0105cznie osoby bezdomne do udzia\u0142u\u00a0 w POP\u017b na podstawie podpisanego o\u015bwiadczenia\u00a0 [za\u0142\u0105cznik nr 6 do wytycznych].<\/h4>\n<\/li>\n<\/ul>\n<h4 style=\"text-align: justify;\">W dniu 15 maja 2023 roku zosta\u0142o podwy\u017cszone kryterium dochodowe upowa\u017cniaj\u0105ce do pomocy \u017cywno\u015bciowej w ramach <strong>POP\u017b z 220% do 235%.<\/strong><\/h4>\n<h4 style=\"text-align: justify;\">Pomoc \u017cywno\u015bciowa przys\u0142uguje obecnie, je\u015bli doch\u00f3d nie przekracza:<\/h4>\n<ul style=\"text-align: justify;\">\n<li>\n<h4><strong>1823, 60 z\u0142 \u2013 w przypadku osoby samotnie gospodaruj\u0105cej <\/strong><\/h4>\n<\/li>\n<li>\n<h4><strong>1410 z\u0142 w przypadku osoby w rodzinie<\/strong><\/h4>\n<\/li>\n<\/ul>\n<h4 style=\"text-align: justify;\"><\/h4>\n<h4 style=\"text-align: justify;\">\u00a0<strong>ZASADY PRZEKAZYWANIA ARTYKU\u0141\u00d3W SPO\u017bYWCZYCH:<\/strong><\/h4>\n<h4 style=\"text-align: justify;\">Pomoc \u017cywno\u015bciowa jest przekazywana osobom najbardziej potrzebuj\u0105cym za po\u015brednictwem Organizacji Partnerskich Lokalnych <strong>jako zestaw artyku\u0142\u00f3w spo\u017cywczych w formie paczek \u017cywno\u015bciowych lub posi\u0142k\u00f3w. <\/strong><\/h4>\n<ol style=\"text-align: justify;\">\n<li>\n<h4><strong>Zestaw roczny artyku\u0142\u00f3w spo\u017cywczych <\/strong>obejmuje artyku\u0142y spo\u017cywcze w \u0142\u0105cznej ilo\u015bci ok. 9,2 kg w tym:<\/h4>\n<\/li>\n<\/ol>\n<table width=\"0\">\n<tbody>\n<tr>\n<td width=\"207\">\n<h4><strong>NAZWA ARTYKU\u0141U<\/strong><\/h4>\n<\/td>\n<td width=\"132\">\n<h4 style=\"text-align: center;\"><strong>ILO\u015a\u0106 SZTUK NA OSOB\u0118<\/strong><\/h4>\n<\/td>\n<td width=\"142\">\n<h4 style=\"text-align: center;\"><strong>OPAKOWANIE JEDNOSTKOWE (KG\/L)<\/strong><\/h4>\n<\/td>\n<td width=\"123\">\n<h4 style=\"text-align: center;\"><strong>ILO\u015a\u0106 KG<\/strong><\/h4>\n<h4 style=\"text-align: center;\"><strong>NA OSOB\u0118<\/strong><\/h4>\n<\/td>\n<\/tr>\n<tr>\n<td width=\"207\">\n<h4 style=\"text-align: center;\"><strong>CUKIER BIA\u0141Y\u00a0<\/strong><\/h4>\n<\/td>\n<td style=\"text-align: center;\" width=\"132\">\n<h4 style=\"text-align: center;\">2<\/h4>\n<\/td>\n<td style=\"text-align: center;\" width=\"142\">\n<h4>1<\/h4>\n<\/td>\n<td style=\"text-align: center;\" width=\"123\">\n<h4>2,00<\/h4>\n<\/td>\n<\/tr>\n<tr>\n<td width=\"207\">\n<h4 style=\"text-align: center;\"><strong>MAKARON JAJECZNY\u00a0\u00a0<\/strong><\/h4>\n<\/td>\n<td style=\"text-align: center;\" width=\"132\">\n<h4>4<\/h4>\n<\/td>\n<td style=\"text-align: center;\" width=\"142\">\n<h4>0,5<\/h4>\n<\/td>\n<td width=\"123\">\n<h4 style=\"text-align: center;\">2,00<\/h4>\n<\/td>\n<\/tr>\n<tr>\n<td width=\"207\">\n<h4 style=\"text-align: center;\"><strong>MLEKO UHT\u00a0<\/strong><\/h4>\n<\/td>\n<td style=\"text-align: center;\" width=\"132\">\n<h4>2<\/h4>\n<\/td>\n<td style=\"text-align: center;\" width=\"142\">\n<h4>1<\/h4>\n<\/td>\n<td width=\"123\">\n<h4 style=\"text-align: center;\">2,00<\/h4>\n<\/td>\n<\/tr>\n<tr>\n<td width=\"207\">\n<h4 style=\"text-align: center;\"><strong>OLEJ RZEPAKOWY\u00a0<\/strong><\/h4>\n<\/td>\n<td width=\"132\">\n<h4 style=\"text-align: center;\">2<\/h4>\n<\/td>\n<td style=\"text-align: center;\" width=\"142\">\n<h4>1<\/h4>\n<\/td>\n<td width=\"123\">\n<h4 style=\"text-align: center;\">2,00<\/h4>\n<\/td>\n<\/tr>\n<tr>\n<td width=\"207\">\n<h4 style=\"text-align: center;\"><strong>POWID\u0141A \u015aLIWKOWE\u00a0<\/strong><\/h4>\n<\/td>\n<td style=\"text-align: center;\" width=\"132\">\n<h4>1<\/h4>\n<\/td>\n<td style=\"text-align: center;\" width=\"142\">\n<h4>0,3<\/h4>\n<\/td>\n<td width=\"123\">\n<h4 style=\"text-align: center;\">0,3<\/h4>\n<\/td>\n<\/tr>\n<tr>\n<td style=\"text-align: center;\" width=\"207\">\n<h4><strong>SZYNKA WIEPRZOWA\u00a0<\/strong><\/h4>\n<\/td>\n<td style=\"text-align: center;\" width=\"132\">\n<h4>3<\/h4>\n<\/td>\n<td style=\"text-align: center;\" width=\"142\">\n<h4>0,3<\/h4>\n<\/td>\n<td width=\"123\">\n<h4 style=\"text-align: center;\">0,9<\/h4>\n<\/td>\n<\/tr>\n<\/tbody>\n<\/table>\n<ol style=\"text-align: justify;\" start=\"2\">\n<li>\n<h4><strong>Paczka \u017cywno\u015bciowa<\/strong> to minimum kilka artyku\u0142\u00f3w spo\u017cywczych [co najmniej 3]\u00a0 z r\u00f3\u017cnych grup towarowych\u00a0 wydawanych jednorazowo. Uznaje si\u0119 za dopuszczalne aby organizacje jednorazowo wydawa\u0142y artyku\u0142y \u017cywno\u015bciowe bez ogranicze\u0144 co do minimalnej liczby produkt\u00f3w w pojedynczym wydaniu. Zestaw artyku\u0142\u00f3w spo\u017cywczych na Podprogram 2021 Plus okre\u015blony jest dla jednego odbiorcy ko\u0144cowego, zar\u00f3wno dla osoby samotnie gospodaruj\u0105cej jak i dla osoby w rodzinie. Pomoc \u017cywno\u015bciowa w formie paczek \u017cywno\u015bciowych powinna by\u0107 wydawana osobom najbardziej potrzebuj\u0105cym r\u00f3wnomiernie w trakcie ca\u0142ego okresu dystrybucji w Podprogramie 2021 Plus.<\/h4>\n<\/li>\n<li>\n<h4><strong>Posi\u0142ek <\/strong>to ka\u017cdy posi\u0142ek przygotowany w OPL, np. jad\u0142odajnie, schroniska dla os\u00f3b bezdomnych] do tego przeznaczone: \u015bniadanie, II \u015bniadanie, obiad \u2013 w szczeg\u00f3lno\u015bci\u00a0 gor\u0105cy posi\u0142ek, podwieczorek, kolacja]. posi\u0142ki do spo\u017cycia na miejscu s\u0105 przygotowywane i wydawane w plac\u00f3wkach posiadaj\u0105cych zaplecze kuchenne (m.in. w schroniskach dla bezdomnych, jad\u0142odajniach, noclegowniach) z wy\u0142\u0105czeniem \u015bwiadczenia us\u0142ug firm zewn\u0119trznych (np. catering).<\/h4>\n<\/li>\n<li>\n<h4>W przypadku gdy liczba os\u00f3b uprawnionych do pomocy \u017cywno\u015bciowej zg\u0142aszaj\u0105cych si\u0119 w trakcie realizacji Podprogramu 2021 Plus jest wi\u0119ksza ni\u017c do danej OPR\/OPL b\u0119dzie wi\u0119ksza ni\u017c planowana, Instytucja Zarz\u0105dzaj\u0105ca dopuszcza zmniejszenie zestawu rocznego dla 1 osoby, <strong>nie wi\u0119cej jednak\u017ce ni\u017c do 80% jego ca\u0142kowitej ilo\u015bci (tj. do ok. 7,36 KG). <\/strong>W zestawie nale\u017cy w miar\u0119 mo\u017cliwo\u015bci uwzgl\u0119dni\u0107 produkty ze wszystkich 6 grup artyku\u0142\u00f3w spo\u017cywczych.<\/h4>\n<\/li>\n<li>\n<h4>W\u00a0 uzasadnionych sytuacjach np. stan zdrowia lub indywidualne potrzeby \u017cywno\u015bciowe\u00a0 mo\u017cna zmieni\u0107 artyku\u0142 spo\u017cywczy na inny w odpowiedniej proporcji\u00a0 lub zwi\u0119kszy\u0107 liczb\u0119 opakowa\u0144.<\/h4>\n<\/li>\n<li>\n<h4>W przypadku rodzin z dzie\u0107mi dopuszcza si\u0119 zwi\u0119kszenie liczby opakowa\u0144 artyku\u0142\u00f3w spo\u017cywczych do potrzeb rodzin.<\/h4>\n<\/li>\n<li>\n<h4><strong>\u017bywno\u015b\u0107 jest wydawana osobom potrzebuj\u0105cym\u00a0 w ramach POP\u017b nieodp\u0142atnie.<\/strong><\/h4>\n<\/li>\n<\/ol>\n<h4 style=\"text-align: justify;\"><strong>SK\u0141ADANIE SKARG PRZEZ OSOBY NAJBARDZIEJ POTRZEBUJ\u0104CE:<\/strong><\/h4>\n<h4 style=\"text-align: justify;\">Ka\u017cda osoba potrzebuj\u0105ca ma prawo z\u0142o\u017cenia skargi dotycz\u0105cej sposobu dystrybucji\u00a0 \u017cywno\u015b\u0107 do lokalnego Banku \u017bywno\u015bci, nast\u0119pnie do\u00a0 Federacji Polskich Bank\u00f3w \u017bywno\u015bci z siedzib\u0105 w Warszawie albo do Instytucji Zarz\u0105dzaj\u0105cej &#8211; Ministra Rodziny i Polityki Spo\u0142ecznej.<\/h4>\n<h4 style=\"text-align: justify;\"><strong>DZIA\u0141ANIA TOWARZYSZ\u0104CE:<\/strong><\/h4>\n<h4 style=\"text-align: justify;\">Dzia\u0142ania realizowane przez Bank \u017bywno\u015bci na rzecz podopiecznych OPL, przy wsp\u00f3\u0142pracy z OPL i OPS:<\/h4>\n<ul style=\"text-align: justify;\">\n<li>\n<h4>warsztaty kulinarne;<\/h4>\n<\/li>\n<li>\n<h4>warsztaty edukacji ekonomicznej;<\/h4>\n<\/li>\n<li>\n<h4>warsztaty dietetyczne;<\/h4>\n<\/li>\n<li>\n<h4>warsztaty niemarnowania \u017cywno\u015bci,<\/h4>\n<\/li>\n<li>\n<h4>inne dzia\u0142ania o charakterze indywidualnym i zbiorowym charakterze akcyjnym lub cyklicznym, maj\u0105ce na celu w\u0142\u0105czenie spo\u0142eczne najbardziej potrzebuj\u0105cych<\/h4>\n<\/li>\n<\/ul>\n<h4 style=\"text-align: justify;\">Dzia\u0142ania towarzysz\u0105ce mog\u0105 odbywa\u0107 si\u0119 w formie stacjonarnej lub zdalnej: on-line, telefonicznej, wydawniczej.<\/h4>\n<h4 style=\"text-align: justify;\">Dzia\u0142ania realizowane s\u0105 w siedzibie organizacji bior\u0105cej udzia\u0142 w Podprogramie lub w miejscu wyznaczonym przez organizacj\u0119 na rzecz podopiecznych, kt\u00f3rzy zostali zakwalifikowani do otrzymania pomocy \u017cywno\u015bciowej, w pobli\u017cu ich miejsca zamieszkania. Terminy oraz miejsca realizacji warsztat\u00f3w znajduj\u0105 si\u0119 na stronach internetowych Bank\u00f3w \u017bywno\u015bci.<\/h4>\n<h4 style=\"text-align: justify;\">Dzia\u0142ania realizowane przez Organizacje Partnerskie Lokalne na rzecz podopiecznych to:<\/h4>\n<ul style=\"text-align: justify;\">\n<li>\n<h4>w\u0142\u0105czenie os\u00f3b do\u015bwiadczaj\u0105cych deprywacji materialnej w funkcjonowanie spo\u0142eczno\u015bci lokalnych, np.: zaj\u0119cia aktywizuj\u0105ce i wsp\u00f3lne inicjatywy na rzecz spo\u0142eczno\u015bci lokalnej, zmierzaj\u0105ce do wyj\u015bcia z ub\u00f3stwa;<\/h4>\n<\/li>\n<li>\n<h4>grupy wsparcia dla r\u00f3\u017cnych kategorii os\u00f3b w trudnej sytuacji (np. osoby starsze, matki z dzie\u0107mi, osoby samotne);<\/h4>\n<\/li>\n<li>\n<h4>pomoc towarzysz\u0105ca niezb\u0119dna do zaspokajania podstawowych potrzeb \u017cyciowych \u2013 os\u00f3b korzystaj\u0105cych z pomocy \u017cywno\u015bciowej (z wy\u0142\u0105czeniem pomocy rzeczowej);<\/h4>\n<\/li>\n<li>\n<h4>pomoc w utrzymaniu higieny osobistej osobom bezdomnym;<\/h4>\n<\/li>\n<li>\n<h4>wsparcie psychologiczne\/terapeutyczne os\u00f3b zagro\u017conych wykluczeniem spo\u0142ecznym.<\/h4>\n<\/li>\n<\/ul>\n<h4 style=\"text-align: justify;\"><strong>Do udzia\u0142u w dzia\u0142aniach towarzysz\u0105cych ma prawo ka\u017cda osoba<\/strong>,\u00a0<strong>kt\u00f3ra otrzyma\u0142a skierowanie z OPS<\/strong>\u00a0 do odbioru wsparcia \u017cywno\u015bciowego w ramach POP\u017b \u2013 ale nie znaczy to, \u017ce ka\u017cda osoba musi z nich skorzysta\u0107. Konieczna jest wsp\u00f3\u0142praca z OPS w zakresie rzeczywistych potrzeb obj\u0119cia wsparciem dzia\u0142aniami os\u00f3b, kt\u00f3re korzystaj\u0105 z POP\u017b. Dzia\u0142ania nie mog\u0105 si\u0119 pokrywa\u0107 z dzia\u0142aniami prowadzonymi w ramach innych funduszy unijnych (EFS i PROW) w danym wojew\u00f3dztwie, ale musz\u0105 by\u0107 z nimi komplementarne.<\/h4>\n<h4 style=\"text-align: justify;\">\u0179r\u00f3d\u0142o: <a href=\"https:\/\/www.gov.pl\/web\/rodzina\/podprogram-2021-plus\">https:\/\/www.gov.pl\/web\/rodzina\/podprogram-2021-plus<\/a><\/h4>\n<h4 style=\"text-align: justify;\"><a href=\"#_ftnref1\" name=\"_ftn1\">[1]<\/a> W okresie epidemiologicznym OPS\/OPL mo\u017ce kwalifikowa\u0107 w spos\u00f3b zdalny na podstawie z\u0142\u0105cznik\u00f3w 5.1, 6.1, 7.1<\/h4>\n","protected":false},"excerpt":{"rendered":"<p>PROGRAM OPERACYJNY POMOC \u017bYWNO\u015aCIOWA 2014-2020 JEST WSP\u00d3\u0141FINANSOWANY Z EUROPEJSKIEGO FUNDUSZU POMOCY NAJBARDZIEJ POTRZEBUJ\u0104CYM PODROGRAM 2021 Plus \u00a0 CELEM PROGRAMU jest zapewnienie najubo\u017cszym mieszka\u0144com Polski pomocy \u017cywno\u015bciowej oraz uczestnictwa w dzia\u0142aniach w ramach \u015brodk\u00f3w towarzysz\u0105cych w okresie luty 2023\u00a0 \u2013 sierpie\u0144 2022,\u00a0 a jej celami szczeg\u00f3\u0142owymi s\u0105: organizacja i koordynacja sieci dystrybucji pomocy \u017cywno\u015bciowej sk\u0142adaj\u0105cej si\u0119 [&hellip;]<\/p>\n","protected":false},"author":1,"featured_media":172,"comment_status":"closed","ping_status":"closed","sticky":false,"template":"","format":"standard","meta":{"footnotes":""},"categories":[5],"tags":[],"class_list":["post-169","post","type-post","status-publish","format-standard","has-post-thumbnail","hentry","category-aktualnosci"],"_links":{"self":[{"href":"https:\/\/gops.bejsce.eu\/gops\/index.php?rest_route=\/wp\/v2\/posts\/169","targetHints":{"allow":["GET"]}}],"collection":[{"href":"https:\/\/gops.bejsce.eu\/gops\/index.php?rest_route=\/wp\/v2\/posts"}],"about":[{"href":"https:\/\/gops.bejsce.eu\/gops\/index.php?rest_route=\/wp\/v2\/types\/post"}],"author":[{"embeddable":true,"href":"https:\/\/gops.bejsce.eu\/gops\/index.php?rest_route=\/wp\/v2\/users\/1"}],"replies":[{"embeddable":true,"href":"https:\/\/gops.bejsce.eu\/gops\/index.php?rest_route=%2Fwp%2Fv2%2Fcomments&post=169"}],"version-history":[{"count":2,"href":"https:\/\/gops.bejsce.eu\/gops\/index.php?rest_route=\/wp\/v2\/posts\/169\/revisions"}],"predecessor-version":[{"id":173,"href":"https:\/\/gops.bejsce.eu\/gops\/index.php?rest_route=\/wp\/v2\/posts\/169\/revisions\/173"}],"wp:featuredmedia":[{"embeddable":true,"href":"https:\/\/gops.bejsce.eu\/gops\/index.php?rest_route=\/wp\/v2\/media\/172"}],"wp:attachment":[{"href":"https:\/\/gops.bejsce.eu\/gops\/index.php?rest_route=%2Fwp%2Fv2%2Fmedia&parent=169"}],"wp:term":[{"taxonomy":"category","embeddable":true,"href":"https:\/\/gops.bejsce.eu\/gops\/index.php?rest_route=%2Fwp%2Fv2%2Fcategories&post=169"},{"taxonomy":"post_tag","embeddable":true,"href":"https:\/\/gops.bejsce.eu\/gops\/index.php?rest_route=%2Fwp%2Fv2%2Ftags&post=169"}],"curies":[{"name":"wp","href":"https:\/\/api.w.org\/{rel}","templated":true}]}}