{"id":161,"date":"2023-05-09T10:46:15","date_gmt":"2023-05-09T08:46:15","guid":{"rendered":"http:\/\/wordpress2213679.home.pl\/gops1\/?p=161"},"modified":"2023-05-09T10:46:15","modified_gmt":"2023-05-09T08:46:15","slug":"informacja-na-temat-zachowania-trwalosci-projektu-pn-nowy-wymiar-zycia-ii-system-wsparcia-srodowiskowego-osob-niesamodzielnych","status":"publish","type":"post","link":"https:\/\/gops.bejsce.eu\/gops\/?p=161","title":{"rendered":"Informacja na temat zachowania trwa\u0142o\u015bci projektu pn.&#8221;Nowy wymiar \u017cycia II &#8211; system wsparcia \u015brodowiskowego os\u00f3b niesamodzielnych&#8221;"},"content":{"rendered":"<p><img fetchpriority=\"high\" decoding=\"async\" class=\"size-full wp-image-166 aligncenter\" src=\"http:\/\/wordpress2213679.home.pl\/gops1\/wp-content\/uploads\/2023\/05\/Nowy-wymiar-zycia-1.png\" alt=\"\" width=\"1000\" height=\"1302\" srcset=\"https:\/\/gops.bejsce.eu\/gops\/wp-content\/uploads\/2023\/05\/Nowy-wymiar-zycia-1.png 1000w, https:\/\/gops.bejsce.eu\/gops\/wp-content\/uploads\/2023\/05\/Nowy-wymiar-zycia-1-230x300.png 230w, https:\/\/gops.bejsce.eu\/gops\/wp-content\/uploads\/2023\/05\/Nowy-wymiar-zycia-1-786x1024.png 786w, https:\/\/gops.bejsce.eu\/gops\/wp-content\/uploads\/2023\/05\/Nowy-wymiar-zycia-1-768x1000.png 768w\" sizes=\"(max-width: 1000px) 100vw, 1000px\" \/><\/p>\n","protected":false},"excerpt":{"rendered":"","protected":false},"author":1,"featured_media":162,"comment_status":"closed","ping_status":"closed","sticky":false,"template":"","format":"standard","meta":{"footnotes":""},"categories":[5],"tags":[],"class_list":["post-161","post","type-post","status-publish","format-standard","has-post-thumbnail","hentry","category-aktualnosci"],"_links":{"self":[{"href":"https:\/\/gops.bejsce.eu\/gops\/index.php?rest_route=\/wp\/v2\/posts\/161","targetHints":{"allow":["GET"]}}],"collection":[{"href":"https:\/\/gops.bejsce.eu\/gops\/index.php?rest_route=\/wp\/v2\/posts"}],"about":[{"href":"https:\/\/gops.bejsce.eu\/gops\/index.php?rest_route=\/wp\/v2\/types\/post"}],"author":[{"embeddable":true,"href":"https:\/\/gops.bejsce.eu\/gops\/index.php?rest_route=\/wp\/v2\/users\/1"}],"replies":[{"embeddable":true,"href":"https:\/\/gops.bejsce.eu\/gops\/index.php?rest_route=%2Fwp%2Fv2%2Fcomments&post=161"}],"version-history":[{"count":3,"href":"https:\/\/gops.bejsce.eu\/gops\/index.php?rest_route=\/wp\/v2\/posts\/161\/revisions"}],"predecessor-version":[{"id":167,"href":"https:\/\/gops.bejsce.eu\/gops\/index.php?rest_route=\/wp\/v2\/posts\/161\/revisions\/167"}],"wp:featuredmedia":[{"embeddable":true,"href":"https:\/\/gops.bejsce.eu\/gops\/index.php?rest_route=\/wp\/v2\/media\/162"}],"wp:attachment":[{"href":"https:\/\/gops.bejsce.eu\/gops\/index.php?rest_route=%2Fwp%2Fv2%2Fmedia&parent=161"}],"wp:term":[{"taxonomy":"category","embeddable":true,"href":"https:\/\/gops.bejsce.eu\/gops\/index.php?rest_route=%2Fwp%2Fv2%2Fcategories&post=161"},{"taxonomy":"post_tag","embeddable":true,"href":"https:\/\/gops.bejsce.eu\/gops\/index.php?rest_route=%2Fwp%2Fv2%2Ftags&post=161"}],"curies":[{"name":"wp","href":"https:\/\/api.w.org\/{rel}","templated":true}]}}