{"id":157,"date":"2023-02-09T12:38:21","date_gmt":"2023-02-09T11:38:21","guid":{"rendered":"http:\/\/wordpress2213679.home.pl\/gops1\/?p=157"},"modified":"2023-04-19T12:39:44","modified_gmt":"2023-04-19T10:39:44","slug":"przedluzony-termin-skladania-wnioskow-o-udzielenie-pomocy-zywnosciowej-2","status":"publish","type":"post","link":"https:\/\/gops.bejsce.eu\/gops\/?p=157","title":{"rendered":"Przed\u0142u\u017cony termin sk\u0142adania wniosk\u00f3w o udzielenie pomocy \u017cywno\u015bciowej"},"content":{"rendered":"<h4 style=\"text-align: justify;\">Gminny O\u015brodek Pomocy Spo\u0142ecznej w Bejscach uprzejmie informuje, \u017ce przed\u0142u\u017ceniu ulega\u00a0termin sk\u0142adania wniosk\u00f3w o udzielenie pomocy \u017cywno\u015bciowej w ramach \u00a0programu operacyjnego\u00a0\u201ePomoc \u017bywno\u015bciowa, Podprogram 2021 Plus\u201d.<\/h4>\n<h4 style=\"text-align: justify;\">Wnioski b\u0119d\u0105 przyjmowane do dnia\u00a0<strong>28 lutego 2023r.<\/strong><\/h4>\n<h4 style=\"text-align: justify;\">Jednocze\u015bnie informujemy, \u017ce kryterium dochodowe uprawniaj\u0105ce do pomocy \u017cywno\u015bciowej<\/h4>\n<h4 style=\"text-align: justify;\">\u00a0w ramach POP\u017b wynosi:<\/h4>\n<h4 style=\"text-align: justify;\">\u2013\u00a0<strong>1.707,20 z\u0142<\/strong>. \u2013 dla osoby samotnie gospodaruj\u0105cej<\/h4>\n<h4 style=\"text-align: justify;\">\u2013\u00a0<strong>1.320,00 z\u0142<\/strong>. \u2013 dla osoby w rodzinie<\/h4>\n<h4 style=\"text-align: justify;\">Do wniosku nale\u017cy do\u0142\u0105czy\u0107 dokumenty potwierdzaj\u0105ce wysoko\u015b\u0107 dochodu netto za miesi\u0105c stycze\u0144 2023r. ( za\u015bwiadczenie o zarobkach, decyzja przyznaj\u0105ca lub odcinek z renty\/emerytury, decyzja w sprawie wymiaru podatku rolnego na rok 2023r.)<\/h4>\n","protected":false},"excerpt":{"rendered":"<p>Gminny O\u015brodek Pomocy Spo\u0142ecznej w Bejscach uprzejmie informuje, \u017ce przed\u0142u\u017ceniu ulega\u00a0termin sk\u0142adania wniosk\u00f3w o udzielenie pomocy \u017cywno\u015bciowej w ramach \u00a0programu operacyjnego\u00a0\u201ePomoc \u017bywno\u015bciowa, Podprogram 2021 Plus\u201d. Wnioski b\u0119d\u0105 przyjmowane do dnia\u00a028 lutego 2023r. Jednocze\u015bnie informujemy, \u017ce kryterium dochodowe uprawniaj\u0105ce do pomocy \u017cywno\u015bciowej \u00a0w ramach POP\u017b wynosi: \u2013\u00a01.707,20 z\u0142. \u2013 dla osoby samotnie gospodaruj\u0105cej \u2013\u00a01.320,00 z\u0142. \u2013 [&hellip;]<\/p>\n","protected":false},"author":1,"featured_media":29,"comment_status":"closed","ping_status":"closed","sticky":false,"template":"","format":"standard","meta":{"footnotes":""},"categories":[5],"tags":[],"class_list":["post-157","post","type-post","status-publish","format-standard","has-post-thumbnail","hentry","category-aktualnosci"],"_links":{"self":[{"href":"https:\/\/gops.bejsce.eu\/gops\/index.php?rest_route=\/wp\/v2\/posts\/157","targetHints":{"allow":["GET"]}}],"collection":[{"href":"https:\/\/gops.bejsce.eu\/gops\/index.php?rest_route=\/wp\/v2\/posts"}],"about":[{"href":"https:\/\/gops.bejsce.eu\/gops\/index.php?rest_route=\/wp\/v2\/types\/post"}],"author":[{"embeddable":true,"href":"https:\/\/gops.bejsce.eu\/gops\/index.php?rest_route=\/wp\/v2\/users\/1"}],"replies":[{"embeddable":true,"href":"https:\/\/gops.bejsce.eu\/gops\/index.php?rest_route=%2Fwp%2Fv2%2Fcomments&post=157"}],"version-history":[{"count":1,"href":"https:\/\/gops.bejsce.eu\/gops\/index.php?rest_route=\/wp\/v2\/posts\/157\/revisions"}],"predecessor-version":[{"id":158,"href":"https:\/\/gops.bejsce.eu\/gops\/index.php?rest_route=\/wp\/v2\/posts\/157\/revisions\/158"}],"wp:featuredmedia":[{"embeddable":true,"href":"https:\/\/gops.bejsce.eu\/gops\/index.php?rest_route=\/wp\/v2\/media\/29"}],"wp:attachment":[{"href":"https:\/\/gops.bejsce.eu\/gops\/index.php?rest_route=%2Fwp%2Fv2%2Fmedia&parent=157"}],"wp:term":[{"taxonomy":"category","embeddable":true,"href":"https:\/\/gops.bejsce.eu\/gops\/index.php?rest_route=%2Fwp%2Fv2%2Fcategories&post=157"},{"taxonomy":"post_tag","embeddable":true,"href":"https:\/\/gops.bejsce.eu\/gops\/index.php?rest_route=%2Fwp%2Fv2%2Ftags&post=157"}],"curies":[{"name":"wp","href":"https:\/\/api.w.org\/{rel}","templated":true}]}}