{"id":120,"date":"2023-01-18T09:47:20","date_gmt":"2023-01-18T08:47:20","guid":{"rendered":"http:\/\/wordpress2213679.home.pl\/gops1\/?p=120"},"modified":"2023-01-20T10:03:17","modified_gmt":"2023-01-20T09:03:17","slug":"rzadowy-program-dobry-start","status":"publish","type":"post","link":"https:\/\/gops.bejsce.eu\/gops\/?p=120","title":{"rendered":"Rz\u0105dowy program \u201eDobry Start\u201d"},"content":{"rendered":"<h4 class=\"intro\" style=\"text-align: justify;\">Rz\u0105dowy program \u201eDobry Start\u201d to inwestycja w edukacj\u0119 polskich dzieci. To 300 z\u0142 jednorazowego wsparcia dla wszystkich uczni\u00f3w rozpoczynaj\u0105cych rok szkolny. Rodziny otrzymaj\u0105 \u015bwiadczenie bez wzgl\u0119du na doch\u00f3d. To wsparcie dla 4,4 miliona uczni\u00f3w.<\/h4>\n<div>\n<p>\u015awiadczenie dobry start przys\u0142uguje raz w roku na dziecko ucz\u0105ce si\u0119 w szkole, a\u017c do uko\u0144czenia przez nie 20. roku \u017cycia. Na dziecko niepe\u0142nosprawne, ucz\u0105ce si\u0119 w szkole,\u00a0 \u015bwiadczenie przys\u0142uguje do uko\u0144czenia przez nie 24. roku \u017cycia.<\/p>\n<p>Aby otrzyma\u0107 wsparcie, nale\u017cy z\u0142o\u017cy\u0107 wniosek. Mo\u017ce to zrobi\u0107 matka, ojciec, opiekun prawny dziecka lub opiekun faktyczny dziecka (opiekun faktyczny to osoba faktycznie sprawuj\u0105ca opiek\u0119 nad dzieckiem, kt\u00f3ra wyst\u0105pi\u0142a do s\u0105du opieku\u0144czego o przysposobienie dziecka). Wniosek o \u015bwiadczenie dla dzieci, kt\u00f3re przebywaj\u0105 w pieczy zast\u0119pczej sk\u0142ada rodzic zast\u0119pczy, osoba prowadz\u0105ca rodzinny dom dziecka lub dyrektor plac\u00f3wki opieku\u0144czo-wychowawczej.<\/p>\n<p><strong>Od 1 lipca br. ruszy\u0142 nab\u00f3r wniosk\u00f3w o ustalenie prawa do \u015bwiadczenia dobry start w zwi\u0105zku z rozpocz\u0119ciem roku szkolnego 2022\/2023.<\/strong><\/p>\n<p><strong>Przyjmowaniem wniosk\u00f3w o \u015bwiadczenie dobry start, ich rozpatrywaniem oraz przyznawaniem i wyp\u0142at\u0105 tego \u015bwiadczenia zajmuje si\u0119 Zak\u0142ad Ubezpiecze\u0144 Spo\u0142ecznych.<\/strong><\/p>\n<p><strong>Wnioski o \u015bwiadczenie dobry start mo\u017cna sk\u0142ada\u0107 do ZUS tylko drog\u0105 elektroniczn\u0105, a wyp\u0142ata przyznanego \u015bwiadczenia b\u0119dzie odbywa\u0107 si\u0119 wy\u0142\u0105cznie w formie bezgot\u00f3wkowej, na wskazane konto bankowe.<\/strong><\/p>\n<p>Wnioski\u00a0<strong>\u00a0<\/strong>drog\u0105\u00a0<strong>online\u00a0<\/strong>\u00a0mo\u017cna sk\u0142ada\u0107, tak jak w latach ubieg\u0142ych\u00a0<strong>od 1 lipca<\/strong>\u00a0<strong>do 30 listopada<\/strong>\u00a0przez Portal informacyjno-us\u0142ugowy Emp@tia na stronie https:\/\/empatia.mpips.gov.pl\/ , przez bankowo\u015b\u0107 elektroniczn\u0105 lub portal PUE ZUS.<\/p>\n<p>Z\u0142o\u017cenie wniosku w lipcu lub sierpniu gwarantuje wyp\u0142at\u0119 \u015bwiadczenia nie p\u00f3\u017aniej ni\u017c do 30 wrze\u015bnia. Gdy wniosek zostanie z\u0142o\u017cony w kolejnych miesi\u0105cach (we wrze\u015bniu, pa\u017adzierniku lub listopadzie), to wsparcie trafi do rodziny w ci\u0105gu 2 miesi\u0119cy od z\u0142o\u017cenia wniosku.<\/p>\n<p>\u015awiadczenie dobry start nie przys\u0142uguje na dzieci ucz\u0119szczaj\u0105ce do przedszkola oraz dzieci realizuj\u0105ce roczne przygotowanie przedszkolne w tzw. zer\u00f3wce<strong>\u00a0<\/strong>w przedszkolu lub szkole. Rz\u0105dowy program Dobry Start nie obejmuje r\u00f3wnie\u017c student\u00f3w.<\/p>\n<p>&nbsp;<\/p>\n<\/div>\n<div class=\"art-prev art-prev--near-menu\">\n<ul>\n<li style=\"text-align: justify;\">\n<div class=\"title\">Najwa\u017cniejsze informacje o rz\u0105dowym programie &#8222;Dobry start&#8221;<\/div>\n<div class=\"intro\">Rz\u0105dowy program \u201eDobry Start\u201d to inwestycja w edukacj\u0119 polskich dzieci.<\/div>\n<\/li>\n<li style=\"text-align: justify;\">\n<div class=\"title\">Pytania i odpowiedzi dot. rz\u0105dowego programu Dobry start<\/div>\n<div class=\"intro\">\u015awiadczenie dobry start w pytaniach i odpowiedziach:<\/div>\n<\/li>\n<li style=\"text-align: justify;\">\n<div class=\"title\">Akty prawne dot. rz\u0105dowego programu Dobry start<\/div>\n<\/li>\n<li style=\"text-align: justify;\">\n<div class=\"title\">Jak z\u0142o\u017cy\u0107 wniosek o \u015bwiadczenie dobry start on-line<\/div>\n<div class=\"intro\">Z\u0142\u00f3\u017c wniosek o \u015bwiadczenie dobry start online!<\/div>\n<\/li>\n<li>\n<div>\n<h4 class=\"title\" style=\"text-align: justify;\">Materia\u0142y informacyjne &#8211; Dobry Start<\/h4>\n<h4 class=\"intro\" style=\"text-align: justify;\">Pliki do pobrania<\/h4>\n<\/div>\n<\/li>\n<\/ul>\n<\/div>\n","protected":false},"excerpt":{"rendered":"<p>Rz\u0105dowy program \u201eDobry Start\u201d to inwestycja w edukacj\u0119 polskich dzieci. To 300 z\u0142 jednorazowego wsparcia dla wszystkich uczni\u00f3w rozpoczynaj\u0105cych rok szkolny. Rodziny otrzymaj\u0105 \u015bwiadczenie bez wzgl\u0119du na doch\u00f3d. To wsparcie dla 4,4 miliona uczni\u00f3w. \u015awiadczenie dobry start przys\u0142uguje raz w roku na dziecko ucz\u0105ce si\u0119 w szkole, a\u017c do uko\u0144czenia przez nie 20. roku \u017cycia. [&hellip;]<\/p>\n","protected":false},"author":1,"featured_media":72,"comment_status":"open","ping_status":"open","sticky":false,"template":"","format":"standard","meta":{"footnotes":""},"categories":[5],"tags":[],"class_list":["post-120","post","type-post","status-publish","format-standard","has-post-thumbnail","hentry","category-aktualnosci"],"_links":{"self":[{"href":"https:\/\/gops.bejsce.eu\/gops\/index.php?rest_route=\/wp\/v2\/posts\/120","targetHints":{"allow":["GET"]}}],"collection":[{"href":"https:\/\/gops.bejsce.eu\/gops\/index.php?rest_route=\/wp\/v2\/posts"}],"about":[{"href":"https:\/\/gops.bejsce.eu\/gops\/index.php?rest_route=\/wp\/v2\/types\/post"}],"author":[{"embeddable":true,"href":"https:\/\/gops.bejsce.eu\/gops\/index.php?rest_route=\/wp\/v2\/users\/1"}],"replies":[{"embeddable":true,"href":"https:\/\/gops.bejsce.eu\/gops\/index.php?rest_route=%2Fwp%2Fv2%2Fcomments&post=120"}],"version-history":[{"count":1,"href":"https:\/\/gops.bejsce.eu\/gops\/index.php?rest_route=\/wp\/v2\/posts\/120\/revisions"}],"predecessor-version":[{"id":121,"href":"https:\/\/gops.bejsce.eu\/gops\/index.php?rest_route=\/wp\/v2\/posts\/120\/revisions\/121"}],"wp:featuredmedia":[{"embeddable":true,"href":"https:\/\/gops.bejsce.eu\/gops\/index.php?rest_route=\/wp\/v2\/media\/72"}],"wp:attachment":[{"href":"https:\/\/gops.bejsce.eu\/gops\/index.php?rest_route=%2Fwp%2Fv2%2Fmedia&parent=120"}],"wp:term":[{"taxonomy":"category","embeddable":true,"href":"https:\/\/gops.bejsce.eu\/gops\/index.php?rest_route=%2Fwp%2Fv2%2Fcategories&post=120"},{"taxonomy":"post_tag","embeddable":true,"href":"https:\/\/gops.bejsce.eu\/gops\/index.php?rest_route=%2Fwp%2Fv2%2Ftags&post=120"}],"curies":[{"name":"wp","href":"https:\/\/api.w.org\/{rel}","templated":true}]}}