{"id":109,"date":"2023-01-18T09:40:50","date_gmt":"2023-01-18T08:40:50","guid":{"rendered":"http:\/\/wordpress2213679.home.pl\/gops1\/?p=109"},"modified":"2023-01-20T10:03:53","modified_gmt":"2023-01-20T09:03:53","slug":"karta-duzej-rodziny","status":"publish","type":"post","link":"https:\/\/gops.bejsce.eu\/gops\/?p=109","title":{"rendered":"Karta du\u017cej rodziny"},"content":{"rendered":"<h4><strong>\u00a0KARTY DU\u017bEJ RODZINY<\/strong><\/h4>\n<h4><strong>Rodzina wielodzietna<\/strong> \u2013 rodzina, w kt\u00f3rej rodzic (rodzice) lub ma\u0142\u017conek rodzica maj\u0105<br \/>\nna utrzymaniu co najmniej troje dzieci:<\/h4>\n<h4>1) w wieku do uko\u0144czenia 18. roku \u017cycia;<\/h4>\n<h4>2) w wieku do uko\u0144czenia 25. roku \u017cycia \u2013 w przypadku gdy dziecko uczy si\u0119 w:<\/h4>\n<ol>\n<li>\n<h4>a) szkole \u2013 do dnia 30 wrze\u015bnia nast\u0119puj\u0105cego po ko\u0144cu roku szkolnego,<\/h4>\n<\/li>\n<li>\n<h4>b) szkole wy\u017cszej \u2013 do ko\u0144ca roku akademickiego, w kt\u00f3rym jest planowane uko\u0144czenie nauki,<\/h4>\n<\/li>\n<\/ol>\n<h4>3) bez ogranicze\u0144 wiekowych \u2013 w przypadku dzieci legitymuj\u0105cych si\u0119 orzeczeniem<br \/>\no umiarkowanym albo znacznym stopniu niepe\u0142nosprawno\u015bci.<\/h4>\n<h4><strong>Cz\u0142onkami rodziny wielodzietnej s\u0105<\/strong>:<\/h4>\n<h4>1) rodzic (rodzice) \u2013 przez kt\u00f3rego rozumie si\u0119 tak\u017ce rodzica (rodzic\u00f3w) zast\u0119pczych<br \/>\nlub osob\u0119 (osoby) prowadz\u0105c\u0105 rodzinny dom dziecka;<\/h4>\n<h4>2) ma\u0142\u017conek rodzica;<\/h4>\n<h4>3) dziecko \u2013 przez kt\u00f3re rozumie si\u0119 tak\u017ce dziecko, nad kt\u00f3rym rodzic sprawuje rodzinn\u0105 piecz\u0119 zast\u0119pcz\u0105, oraz osob\u0119 przebywaj\u0105c\u0105 w dotychczasowej rodzinie zast\u0119pczej albo w rodzinnym domu dziecka na czas kontynuowania nauki szkolnej.<\/h4>\n<h4><strong>Prawo do posiadania Karty Du\u017cej Rodziny nie przys\u0142uguje rodzicowi<\/strong>, kt\u00f3rego s\u0105d pozbawi\u0142 w\u0142adzy rodzicielskiej lub kt\u00f3remu s\u0105d ograniczy\u0142 w\u0142adz\u0119 rodzicielsk\u0105 przez umieszczenie dziecka w pieczy zast\u0119pczej, chyba \u017ce s\u0105d nie pozbawi\u0142 go w\u0142adzy rodzicielskiej lub jej nie ograniczy\u0142 przez umieszczenie dziecka w pieczy zast\u0119pczej w stosunku do co najmniej trojga dzieci.<\/h4>\n<h4><strong>Wniosek o przyznanie Karty Du\u017cej Rodziny lub wydanie jej duplikatu sk\u0142ada si\u0119<\/strong> w gminie w\u0142a\u015bciwej ze wzgl\u0119du na miejsce zamieszkania cz\u0142onka rodziny wielodzietnej.<\/h4>\n<h4><strong>Sk\u0142adaj\u0105c wniosek o przyznanie Karty Du\u017cej Rodziny<\/strong>, przedstawia si\u0119 orygina\u0142y lub odpisy dokument\u00f3w:<\/h4>\n<h4>1) w przypadku rodzica \u2013 dokument potwierdzaj\u0105cy to\u017csamo\u015b\u0107 oraz o\u015bwiadczenie, \u017ce rodzic<br \/>\nnie jest pozbawiony w\u0142adzy rodzicielskiej ani ograniczony we w\u0142adzy rodzicielskiej<br \/>\nprzez umieszczenie dziecka w pieczy zast\u0119pczej w stosunku do co najmniej trojga dzieci;<\/h4>\n<h4>2) w przypadku ma\u0142\u017conka rodzica \u2013 dokument potwierdzaj\u0105cy to\u017csamo\u015b\u0107 oraz akt ma\u0142\u017ce\u0144stwa;<\/h4>\n<h4>3) w przypadku dzieci w wieku do uko\u0144czenia 18. roku \u017cycia \u2013 akt urodzenia lub dokument potwierdzaj\u0105cy to\u017csamo\u015b\u0107;<\/h4>\n<h4>4) w przypadku dzieci w wieku powy\u017cej 18. roku \u017cycia \u2013 dokument potwierdzaj\u0105cy to\u017csamo\u015b\u0107 oraz o\u015bwiadczenie o planowanym terminie uko\u0144czenia nauki w danej plac\u00f3wce;<\/h4>\n<h4>5) w przypadku dzieci legitymuj\u0105cych si\u0119 orzeczeniem o umiarkowanym albo znacznym stopniu niepe\u0142nosprawno\u015bci w wieku powy\u017cej 18. roku \u017cycia \u2013 dokument potwierdzaj\u0105cy to\u017csamo\u015b\u0107 oraz orzeczenie o umiarkowanym albo znacznym stopniu niepe\u0142nosprawno\u015bci;<\/h4>\n<h4>6) w przypadku dzieci umieszczonych w rodzinie zast\u0119pczej lub rodzinnym domu dziecka \u2013 postanowienie o umieszczeniu w rodzinie zast\u0119pczej lub rodzinnym domu dziecka;<\/h4>\n<h4>7) w przypadku os\u00f3b przebywaj\u0105cych w dotychczasowej rodzinie zast\u0119pczej albo w rodzinnym domu dziecka na czas kontynuowania nauki \u2013 o\u015bwiadczenie o pozostawaniu w dotychczasowej rodzinie zast\u0119pczej lub rodzinnym domu dziecka.<\/h4>\n<h4><strong>W przypadku cudzoziemc\u00f3w<\/strong>, maj\u0105cych zamieszkanie na terytorium Rzeczypospolitej Polskiej, okazuje si\u0119 dokument potwierdzaj\u0105cy prawo do zamieszkania na terytorium Rzeczypospolitej Polskiej.<\/h4>\n<h4><strong>O\u015bwiadczenia<\/strong>, o kt\u00f3rych mowa wy\u017cej, sk\u0142ada si\u0119 pod rygorem odpowiedzialno\u015bci karnej za sk\u0142adanie fa\u0142szywych zezna\u0144. Sk\u0142adaj\u0105cy o\u015bwiadczenie jest obowi\u0105zany do zawarcia w nim klauzuli nast\u0119puj\u0105cej tre\u015bci: \u201eJestem \u015bwiadomy odpowiedzialno\u015bci karnej za z\u0142o\u017cenie fa\u0142szywego o\u015bwiadczenia.\u201d.<\/h4>\n<h4><strong>Karta Du\u017cej Rodziny jest przyznawana:<\/strong><\/h4>\n<h4>1) rodzicowi oraz ma\u0142\u017conkowi rodzica \u2013 na czas nieokre\u015blony;<\/h4>\n<h4>2) dziecku w wieku do uko\u0144czenia 18. roku \u017cycia \u2013 do uko\u0144czenia 18. roku \u017cycia;<\/h4>\n<h4>3) dziecku powy\u017cej 18. roku \u017cycia \u2013 odpowiednio do dnia 30 wrze\u015bnia nast\u0119puj\u0105cego po ko\u0144cu roku szkolnego, w kt\u00f3rym jest planowane uko\u0144czenie nauki w danej plac\u00f3wce, lub do ko\u0144ca roku akademickiego, w kt\u00f3rym jest planowane uko\u0144czenie nauki w danej plac\u00f3wce;<\/h4>\n<h4>4) dziecku legitymuj\u0105cemu si\u0119 orzeczeniem o umiarkowanym albo znacznym stopniu niepe\u0142nosprawno\u015bci, w wieku powy\u017cej 18. roku \u017cycia \u2013 na okres wa\u017cno\u015bci orzeczenia;<\/h4>\n<h4>5) dziecku umieszczonemu w rodzinnej pieczy zast\u0119pczej \u2013 na czas umieszczenia w danej rodzinie zast\u0119pczej lub rodzinnym domu dziecka;<\/h4>\n<h4>6) osobie przebywaj\u0105cej w dotychczasowej rodzinie zast\u0119pczej albo w rodzinnym domu dziecka, na czas kontynuowania nauki szkolnej \u2013 odpowiednio do dnia 30 wrze\u015bnia nast\u0119puj\u0105cego po ko\u0144cu roku szkolnego, w kt\u00f3rym jest planowane uko\u0144czenie nauki w danej plac\u00f3wce, lub do ko\u0144ca roku akademickiego, w kt\u00f3rym jest planowane uko\u0144czenie nauki w danej plac\u00f3wce, nie d\u0142u\u017cej jednak ni\u017c do uko\u0144czenia 25. roku \u017cycia.<\/h4>\n<h4><strong>W przypadku dzieci, Karta jest wa\u017cna wraz z dokumentem potwierdzaj\u0105cym pobieranie nauki w szkole lub szkole wy\u017cszej.<\/strong><\/h4>\n","protected":false},"excerpt":{"rendered":"<p>\u00a0KARTY DU\u017bEJ RODZINY Rodzina wielodzietna \u2013 rodzina, w kt\u00f3rej rodzic (rodzice) lub ma\u0142\u017conek rodzica maj\u0105 na utrzymaniu co najmniej troje dzieci: 1) w wieku do uko\u0144czenia 18. roku \u017cycia; 2) w wieku do uko\u0144czenia 25. roku \u017cycia \u2013 w przypadku gdy dziecko uczy si\u0119 w: a) szkole \u2013 do dnia 30 wrze\u015bnia nast\u0119puj\u0105cego po ko\u0144cu [&hellip;]<\/p>\n","protected":false},"author":1,"featured_media":82,"comment_status":"open","ping_status":"open","sticky":false,"template":"","format":"standard","meta":{"footnotes":""},"categories":[5],"tags":[],"class_list":["post-109","post","type-post","status-publish","format-standard","has-post-thumbnail","hentry","category-aktualnosci"],"_links":{"self":[{"href":"https:\/\/gops.bejsce.eu\/gops\/index.php?rest_route=\/wp\/v2\/posts\/109","targetHints":{"allow":["GET"]}}],"collection":[{"href":"https:\/\/gops.bejsce.eu\/gops\/index.php?rest_route=\/wp\/v2\/posts"}],"about":[{"href":"https:\/\/gops.bejsce.eu\/gops\/index.php?rest_route=\/wp\/v2\/types\/post"}],"author":[{"embeddable":true,"href":"https:\/\/gops.bejsce.eu\/gops\/index.php?rest_route=\/wp\/v2\/users\/1"}],"replies":[{"embeddable":true,"href":"https:\/\/gops.bejsce.eu\/gops\/index.php?rest_route=%2Fwp%2Fv2%2Fcomments&post=109"}],"version-history":[{"count":1,"href":"https:\/\/gops.bejsce.eu\/gops\/index.php?rest_route=\/wp\/v2\/posts\/109\/revisions"}],"predecessor-version":[{"id":110,"href":"https:\/\/gops.bejsce.eu\/gops\/index.php?rest_route=\/wp\/v2\/posts\/109\/revisions\/110"}],"wp:featuredmedia":[{"embeddable":true,"href":"https:\/\/gops.bejsce.eu\/gops\/index.php?rest_route=\/wp\/v2\/media\/82"}],"wp:attachment":[{"href":"https:\/\/gops.bejsce.eu\/gops\/index.php?rest_route=%2Fwp%2Fv2%2Fmedia&parent=109"}],"wp:term":[{"taxonomy":"category","embeddable":true,"href":"https:\/\/gops.bejsce.eu\/gops\/index.php?rest_route=%2Fwp%2Fv2%2Fcategories&post=109"},{"taxonomy":"post_tag","embeddable":true,"href":"https:\/\/gops.bejsce.eu\/gops\/index.php?rest_route=%2Fwp%2Fv2%2Ftags&post=109"}],"curies":[{"name":"wp","href":"https:\/\/api.w.org\/{rel}","templated":true}]}}